{"id":646,"date":"2010-09-08T20:09:27","date_gmt":"2010-09-08T18:09:27","guid":{"rendered":"http:\/\/www.chiller.at\/?p=646"},"modified":"2011-12-29T16:42:05","modified_gmt":"2011-12-29T14:42:05","slug":"2010-odessawilkowo-tour-zum-donaudelta","status":"publish","type":"post","link":"http:\/\/www.chiller.at\/?p=646","title":{"rendered":"2010 \u2013 Odessa\/Wilkowo \u2013 Tour zum Donaudelta"},"content":{"rendered":"<p><strong>Fernab der Zivilisation, wo die Menschen sogut wie ohne technologischem Fortschritt leben, befindet sich ein Naturparadis, Weinparadis und ein Tourismusort&#8230; Ich spreche vom Delta bei dem die Donau auf das Schwarze Meer trifft.<\/strong><\/p>\n<div>[spoiler show=&#8220;weiterlesen&#8220; hide=&#8220;kompakt&#8220;]Schon wieder Mittwoch und ich bin bis jetzt nicht dazu gekommen \u00fcber meine Tour ins Donaudelta zu schreiben. Schande \u00fcber mich, dann mache ich das wohl gleich! Ich habe am Montag ein nette und sympatische Mitstudierende kennengelernt. Mein portugiesischer Freund (vom vorigen Jahr) kam am Sonntag an und wir trafen einander im Kompot auf einen Plausch bei Torte und Tee. Montag und Dienstag waren wir in diversen Futterst\u00e4tten und Caf\u00e9s. Abends war ich immer ziemlich kaputt und m\u00fcde, was vermutlich wieder mal am Wetterwechsel und an dem Sprachkudelmudel liegt.<\/p>\n<p>Dieses Jahr sind neben den obligatorischen englischsprechenden auch sehr viele deutschsprechende Studierende in der Sprachschule. Weswegen wir sehr viel dreisprachig und manche auch f\u00fcnfsprachig (franz., span.) unterwegs sind, da kann ich dann nicht mehr mithalten. \ud83d\ude1b<br \/>\nGestern war es sonnig und sch\u00f6n aber ziemlich kalt im Schatten. Heute k\u00e4lter und Dauerregen, deshalb habe ich auch endlich die Zeit gefunden die ~ 300 Fotos durchzuschaun die ich im Delta geschossen habe&#8230;.<\/p>\n<p><strong>Die Einladung der Lehrerin<\/strong><\/p>\n<p>Anfangs war ich skeptisch ob ich mich auf die Einladung meiner Lehrerin, sie zur &#8222;Wilkowotour&#8220; zu begleiten, einlassen sollte. Nach einiger \u00dcberlegung stimmte ich aber zu. Im Nachhinein bin ich sehr froh und sollte \u00f6fters solche Gelegenheiten beim Schopfe packen! Da sie gerade G\u00e4ste hatte, schien ihr die Reise zum Donaudelta als ideales Ziel und ein russisch Sch\u00fcler ist wohl auch eine Attraktion.<\/p>\n<p><strong>Tagwache<\/strong><\/p>\n<p>Am Samstag 05:45 aufstehen, danach nat\u00fcrlich zu Fu\u00df zum Bahnhof, wo der Treffpunkt vor der Reise war. Irgendwie hab ich viel zu lange gebraucht war aber trotzdem 5 Minuten vor der vereinbarten Zeit dort. Danach wurde ich (im Halbschlaf) vorgestellt und hatte ein f\u00fcr mich, wegen der Uhrzeit, anstrengendes Gespr\u00e4ch auf russisch.<br \/>\nUm 07:00 fuhren wir dann dreieinhalb Stunden, mit kleiner Pinkelpause zwischendurch, nach Wilkowo. Wie es mit der Gastfreundschaft hier so \u00fcblich ist hat mir meine Lehrerin von ihrem Proviant st\u00e4ndig was zugesteckt. (Brot mit Schinkenspeck oder so \u00e4hnlich). Meine Begleitenden sorgten sich \u00fcberhaupt den ganzen Trip sehr um mich und ich bekam Information\/Vokabeln sowie nette Gespr\u00e4che. Es war sehr interessant den Trip, nicht wie sonst \u00fcblich mit Studierenden der Sprachschule, sondern mit russischsprechender Begleitung zu erleben.<\/p>\n<p><strong>Schlaglochstra\u00dfe<\/strong><\/p>\n<p>Ein paar Kilometer vor Wilkowo hatten wir ein &#8222;einzigartiges&#8220; Erlebnis, die Zufahrtsstra\u00dfe zum Ort war \u00fcbers\u00e4ht mit Schlagl\u00f6chern die teilweise mehr als 20cm tief waren. Aufgrund dessen, fuhr der Verkehr in beiden Richtungen Schlangenlinien von einer Seite der Stra\u00dfe zur anderen. Einige Male wichen wir auch seitlich in den breiten Stra\u00dfengraben aus, wobei wir teilweise Schieflagen hatten, bei denen ich Angst hatte, dass der Bus kippen w\u00fcrde. Was mir am meisten Sorgen bereitete waren Tankw\u00e4gen mit brennbarem Gut. Ich sah einige dieser und fragte mich wie das nur gut gehen kann&#8230;<\/p>\n<p>In Wilkowo angekommen gab es dann eine kleine geschichtliche Tour durch das Dorf, welches als ukrainisches Venedig bezeichnet wird. Das Hauptverkehrsmittel sind\/waren hier Boote. Mittlerweile sind einige Wasserwege zubetoniert und zu Stra\u00dfen umfunktioniert worden. Aber f\u00fcr mehr Info gibts ja <a href=\"http:\/\/de.wikipedia.org\/wiki\/Wylkowe\">Wikipedia<\/a>. Es ist ein sehr nettes kleines Dorf, ich weis nicht ob Boote hier noch immer so intensiv genutzt werden aber es gibt viele Stege, Gew\u00e4sserbecken und man sieht immer wieder fahrende K\u00e4hne&#8230;<\/p>\n<p><strong>Kilometer Null<\/strong><\/p>\n<p>Danach fuhren wir mit einem gr\u00f6\u00dferen Kutter Richtung Ende des <a href=\"http:\/\/de.wikipedia.org\/wiki\/Donaudelta#Biosph.C3.A4renreservat_Donaudelta\">Donaudeltas<\/a>. &#8222;0KM&#8220; wo das Meer auf die Donau trifft&#8230;<br \/>\nDort sind im Moment Pelikane und weitere Zugv\u00f6gel zu sehen. Nat\u00fcrlich bietet die Vegetation auch einige h\u00fcbsche Leckerbissen und vereinzelt erblickt man dort sogar H\u00fctten. Es gibt Leute die mitten im Delta leben. Dies ohne Elektrizit\u00e4t und mit weniger Komfort als wir kennen, kein Flie\u00dfwasser, StehSenkgrubenToilette,&#8230; Daf\u00fcr bauen sie Weintrauben an, die als einzigartig gelten und dadurch einen speziellen Wein herstellbar machen. Der Boden hier ist wie nicht anders zu erwarten sehr N\u00e4hrstoffhaltig.<\/p>\n<p>Der Wein schmeckt garnicht mal so schlecht. Bei einem Picknik am R\u00fcckweg bekamen wir eine kleine Kostprobe von Fisch und (jungen) Wein. Der Fisch war gut, nachdem ich allerdings kein Fischesser bin habe ich nur ein kleines St\u00fcckchen gekostet. Die Fischsuppe die serviert wurde lie\u00df ich allerdings nach einem kurzem Nippen stehen.<\/p>\n<p>Die R\u00fcckfahrt stellte sich dann als m\u00fchsam heraus, ich war m\u00fcde und der Platz f\u00fcr meine Beine war viel zu wenig&#8230;<\/p>\n<p>[\/spoiler]<\/p>\n<\/div>\n<div data-carousel-extra='{\"blog_id\":1,\"permalink\":\"http:\\\/\\\/www.chiller.at\\\/?p=646\"}' id='gallery-1' class='gallery galleryid-646 gallery-columns-3 gallery-size-thumbnail'><figure class='gallery-item'>\n\t\t\t<div class='gallery-icon landscape'>\n\t\t\t\t<a href='http:\/\/www.chiller.at\/wordpress\/wp-content\/uploads\/2010\/09\/4.sept_Wilkowo-1.jpg'><img width=\"150\" height=\"150\" src=\"http:\/\/www.chiller.at\/wordpress\/wp-content\/uploads\/2010\/09\/4.sept_Wilkowo-1-150x150.jpg\" class=\"attachment-thumbnail size-thumbnail\" alt=\"\" loading=\"lazy\" data-attachment-id=\"655\" data-permalink=\"http:\/\/www.chiller.at\/?attachment_id=655\" data-orig-file=\"http:\/\/www.chiller.at\/wordpress\/wp-content\/uploads\/2010\/09\/4.sept_Wilkowo-1.jpg\" data-orig-size=\"640,460\" data-comments-opened=\"1\" data-image-meta=\"{&quot;aperture&quot;:&quot;0&quot;,&quot;credit&quot;:&quot;Florian Schilling&quot;,&quot;camera&quot;:&quot;&quot;,&quot;caption&quot;:&quot;&quot;,&quot;created_timestamp&quot;:&quot;0&quot;,&quot;copyright&quot;:&quot;&quot;,&quot;focal_length&quot;:&quot;0&quot;,&quot;iso&quot;:&quot;0&quot;,&quot;shutter_speed&quot;:&quot;0&quot;,&quot;title&quot;:&quot;&quot;}\" data-image-title=\"Blick von einer Br\u00fccke in Wilkowo\" data-image-description=\"\" data-medium-file=\"http:\/\/www.chiller.at\/wordpress\/wp-content\/uploads\/2010\/09\/4.sept_Wilkowo-1-300x215.jpg\" data-large-file=\"http:\/\/www.chiller.at\/wordpress\/wp-content\/uploads\/2010\/09\/4.sept_Wilkowo-1.jpg\" \/><\/a>\n\t\t\t<\/div><\/figure><figure class='gallery-item'>\n\t\t\t<div class='gallery-icon landscape'>\n\t\t\t\t<a href='http:\/\/www.chiller.at\/wordpress\/wp-content\/uploads\/2010\/09\/4.sept_Wilkowo-3.jpg'><img width=\"150\" height=\"150\" src=\"http:\/\/www.chiller.at\/wordpress\/wp-content\/uploads\/2010\/09\/4.sept_Wilkowo-3-150x150.jpg\" class=\"attachment-thumbnail size-thumbnail\" alt=\"\" loading=\"lazy\" data-attachment-id=\"657\" data-permalink=\"http:\/\/www.chiller.at\/?attachment_id=657\" data-orig-file=\"http:\/\/www.chiller.at\/wordpress\/wp-content\/uploads\/2010\/09\/4.sept_Wilkowo-3.jpg\" data-orig-size=\"640,536\" data-comments-opened=\"1\" data-image-meta=\"{&quot;aperture&quot;:&quot;0&quot;,&quot;credit&quot;:&quot;Florian Schilling&quot;,&quot;camera&quot;:&quot;&quot;,&quot;caption&quot;:&quot;&quot;,&quot;created_timestamp&quot;:&quot;0&quot;,&quot;copyright&quot;:&quot;&quot;,&quot;focal_length&quot;:&quot;0&quot;,&quot;iso&quot;:&quot;0&quot;,&quot;shutter_speed&quot;:&quot;0&quot;,&quot;title&quot;:&quot;&quot;}\" data-image-title=\"Zubetoniert und mit Autos befahren\" data-image-description=\"\" data-medium-file=\"http:\/\/www.chiller.at\/wordpress\/wp-content\/uploads\/2010\/09\/4.sept_Wilkowo-3-300x251.jpg\" data-large-file=\"http:\/\/www.chiller.at\/wordpress\/wp-content\/uploads\/2010\/09\/4.sept_Wilkowo-3.jpg\" \/><\/a>\n\t\t\t<\/div><\/figure><figure class='gallery-item'>\n\t\t\t<div class='gallery-icon landscape'>\n\t\t\t\t<a href='http:\/\/www.chiller.at\/wordpress\/wp-content\/uploads\/2010\/09\/4.sept_Wilkowo-52.jpg'><img width=\"150\" height=\"150\" src=\"http:\/\/www.chiller.at\/wordpress\/wp-content\/uploads\/2010\/09\/4.sept_Wilkowo-52-150x150.jpg\" class=\"attachment-thumbnail size-thumbnail\" alt=\"\" loading=\"lazy\" data-attachment-id=\"706\" data-permalink=\"http:\/\/www.chiller.at\/?attachment_id=706\" data-orig-file=\"http:\/\/www.chiller.at\/wordpress\/wp-content\/uploads\/2010\/09\/4.sept_Wilkowo-52.jpg\" data-orig-size=\"640,456\" data-comments-opened=\"1\" data-image-meta=\"{&quot;aperture&quot;:&quot;0&quot;,&quot;credit&quot;:&quot;Florian Schilling&quot;,&quot;camera&quot;:&quot;&quot;,&quot;caption&quot;:&quot;&quot;,&quot;created_timestamp&quot;:&quot;0&quot;,&quot;copyright&quot;:&quot;&quot;,&quot;focal_length&quot;:&quot;0&quot;,&quot;iso&quot;:&quot;0&quot;,&quot;shutter_speed&quot;:&quot;0&quot;,&quot;title&quot;:&quot;&quot;}\" data-image-title=\"Blick in einen Garten\" data-image-description=\"\" data-medium-file=\"http:\/\/www.chiller.at\/wordpress\/wp-content\/uploads\/2010\/09\/4.sept_Wilkowo-52-300x213.jpg\" data-large-file=\"http:\/\/www.chiller.at\/wordpress\/wp-content\/uploads\/2010\/09\/4.sept_Wilkowo-52.jpg\" \/><\/a>\n\t\t\t<\/div><\/figure><figure class='gallery-item'>\n\t\t\t<div class='gallery-icon landscape'>\n\t\t\t\t<a href='http:\/\/www.chiller.at\/wordpress\/wp-content\/uploads\/2010\/09\/4.sept_Wilkowo-4.jpg'><img width=\"150\" height=\"150\" src=\"http:\/\/www.chiller.at\/wordpress\/wp-content\/uploads\/2010\/09\/4.sept_Wilkowo-4-150x150.jpg\" class=\"attachment-thumbnail size-thumbnail\" alt=\"\" loading=\"lazy\" data-attachment-id=\"658\" data-permalink=\"http:\/\/www.chiller.at\/?attachment_id=658\" data-orig-file=\"http:\/\/www.chiller.at\/wordpress\/wp-content\/uploads\/2010\/09\/4.sept_Wilkowo-4.jpg\" data-orig-size=\"640,427\" data-comments-opened=\"1\" data-image-meta=\"{&quot;aperture&quot;:&quot;0&quot;,&quot;credit&quot;:&quot;Florian Schilling&quot;,&quot;camera&quot;:&quot;&quot;,&quot;caption&quot;:&quot;&quot;,&quot;created_timestamp&quot;:&quot;0&quot;,&quot;copyright&quot;:&quot;&quot;,&quot;focal_length&quot;:&quot;0&quot;,&quot;iso&quot;:&quot;0&quot;,&quot;shutter_speed&quot;:&quot;0&quot;,&quot;title&quot;:&quot;&quot;}\" data-image-title=\"H\u00fcbsche Szenerie in Wilkowo\" data-image-description=\"\" data-medium-file=\"http:\/\/www.chiller.at\/wordpress\/wp-content\/uploads\/2010\/09\/4.sept_Wilkowo-4-300x200.jpg\" data-large-file=\"http:\/\/www.chiller.at\/wordpress\/wp-content\/uploads\/2010\/09\/4.sept_Wilkowo-4.jpg\" \/><\/a>\n\t\t\t<\/div><\/figure><figure class='gallery-item'>\n\t\t\t<div class='gallery-icon landscape'>\n\t\t\t\t<a href='http:\/\/www.chiller.at\/wordpress\/wp-content\/uploads\/2010\/09\/4.sept_Wilkowo-5.jpg'><img width=\"150\" height=\"150\" src=\"http:\/\/www.chiller.at\/wordpress\/wp-content\/uploads\/2010\/09\/4.sept_Wilkowo-5-150x150.jpg\" class=\"attachment-thumbnail size-thumbnail\" alt=\"\" loading=\"lazy\" data-attachment-id=\"659\" data-permalink=\"http:\/\/www.chiller.at\/?attachment_id=659\" data-orig-file=\"http:\/\/www.chiller.at\/wordpress\/wp-content\/uploads\/2010\/09\/4.sept_Wilkowo-5.jpg\" data-orig-size=\"640,437\" data-comments-opened=\"1\" data-image-meta=\"{&quot;aperture&quot;:&quot;0&quot;,&quot;credit&quot;:&quot;Florian Schilling&quot;,&quot;camera&quot;:&quot;&quot;,&quot;caption&quot;:&quot;&quot;,&quot;created_timestamp&quot;:&quot;0&quot;,&quot;copyright&quot;:&quot;&quot;,&quot;focal_length&quot;:&quot;0&quot;,&quot;iso&quot;:&quot;0&quot;,&quot;shutter_speed&quot;:&quot;0&quot;,&quot;title&quot;:&quot;&quot;}\" data-image-title=\"Rohbau oder Verfall?\" data-image-description=\"\" data-medium-file=\"http:\/\/www.chiller.at\/wordpress\/wp-content\/uploads\/2010\/09\/4.sept_Wilkowo-5-300x204.jpg\" data-large-file=\"http:\/\/www.chiller.at\/wordpress\/wp-content\/uploads\/2010\/09\/4.sept_Wilkowo-5.jpg\" \/><\/a>\n\t\t\t<\/div><\/figure><figure class='gallery-item'>\n\t\t\t<div class='gallery-icon portrait'>\n\t\t\t\t<a href='http:\/\/www.chiller.at\/wordpress\/wp-content\/uploads\/2010\/09\/4.sept_Wilkowo-6.jpg'><img width=\"150\" height=\"150\" src=\"http:\/\/www.chiller.at\/wordpress\/wp-content\/uploads\/2010\/09\/4.sept_Wilkowo-6-150x150.jpg\" class=\"attachment-thumbnail size-thumbnail\" alt=\"\" loading=\"lazy\" aria-describedby=\"gallery-1-660\" data-attachment-id=\"660\" data-permalink=\"http:\/\/www.chiller.at\/?attachment_id=660\" data-orig-file=\"http:\/\/www.chiller.at\/wordpress\/wp-content\/uploads\/2010\/09\/4.sept_Wilkowo-6.jpg\" data-orig-size=\"425,640\" data-comments-opened=\"1\" data-image-meta=\"{&quot;aperture&quot;:&quot;0&quot;,&quot;credit&quot;:&quot;Florian Schilling&quot;,&quot;camera&quot;:&quot;&quot;,&quot;caption&quot;:&quot;&quot;,&quot;created_timestamp&quot;:&quot;0&quot;,&quot;copyright&quot;:&quot;&quot;,&quot;focal_length&quot;:&quot;0&quot;,&quot;iso&quot;:&quot;0&quot;,&quot;shutter_speed&quot;:&quot;0&quot;,&quot;title&quot;:&quot;&quot;}\" data-image-title=\"GehSteg\" data-image-description=\"\" data-medium-file=\"http:\/\/www.chiller.at\/wordpress\/wp-content\/uploads\/2010\/09\/4.sept_Wilkowo-6-199x300.jpg\" data-large-file=\"http:\/\/www.chiller.at\/wordpress\/wp-content\/uploads\/2010\/09\/4.sept_Wilkowo-6.jpg\" \/><\/a>\n\t\t\t<\/div>\n\t\t\t\t<figcaption class='wp-caption-text gallery-caption' id='gallery-1-660'>\n\t\t\t\tAlternative Fortbewegungsmethode, sonst w\u00e4re es sehr schlammig\n\t\t\t\t<\/figcaption><\/figure><figure class='gallery-item'>\n\t\t\t<div class='gallery-icon portrait'>\n\t\t\t\t<a href='http:\/\/www.chiller.at\/wordpress\/wp-content\/uploads\/2010\/09\/4.sept_Wilkowo-8.jpg'><img width=\"150\" height=\"150\" src=\"http:\/\/www.chiller.at\/wordpress\/wp-content\/uploads\/2010\/09\/4.sept_Wilkowo-8-150x150.jpg\" class=\"attachment-thumbnail size-thumbnail\" alt=\"\" loading=\"lazy\" data-attachment-id=\"662\" data-permalink=\"http:\/\/www.chiller.at\/?attachment_id=662\" data-orig-file=\"http:\/\/www.chiller.at\/wordpress\/wp-content\/uploads\/2010\/09\/4.sept_Wilkowo-8.jpg\" data-orig-size=\"458,640\" data-comments-opened=\"1\" data-image-meta=\"{&quot;aperture&quot;:&quot;0&quot;,&quot;credit&quot;:&quot;Florian Schilling&quot;,&quot;camera&quot;:&quot;&quot;,&quot;caption&quot;:&quot;&quot;,&quot;created_timestamp&quot;:&quot;0&quot;,&quot;copyright&quot;:&quot;&quot;,&quot;focal_length&quot;:&quot;0&quot;,&quot;iso&quot;:&quot;0&quot;,&quot;shutter_speed&quot;:&quot;0&quot;,&quot;title&quot;:&quot;&quot;}\" data-image-title=\"Verfallene Treppe\" data-image-description=\"\" data-medium-file=\"http:\/\/www.chiller.at\/wordpress\/wp-content\/uploads\/2010\/09\/4.sept_Wilkowo-8-214x300.jpg\" data-large-file=\"http:\/\/www.chiller.at\/wordpress\/wp-content\/uploads\/2010\/09\/4.sept_Wilkowo-8.jpg\" \/><\/a>\n\t\t\t<\/div><\/figure><figure class='gallery-item'>\n\t\t\t<div class='gallery-icon portrait'>\n\t\t\t\t<a href='http:\/\/www.chiller.at\/wordpress\/wp-content\/uploads\/2010\/09\/4.sept_Wilkowo-9.jpg'><img width=\"150\" height=\"150\" src=\"http:\/\/www.chiller.at\/wordpress\/wp-content\/uploads\/2010\/09\/4.sept_Wilkowo-9-150x150.jpg\" class=\"attachment-thumbnail size-thumbnail\" alt=\"\" loading=\"lazy\" aria-describedby=\"gallery-1-663\" data-attachment-id=\"663\" data-permalink=\"http:\/\/www.chiller.at\/?attachment_id=663\" data-orig-file=\"http:\/\/www.chiller.at\/wordpress\/wp-content\/uploads\/2010\/09\/4.sept_Wilkowo-9.jpg\" data-orig-size=\"462,640\" data-comments-opened=\"1\" data-image-meta=\"{&quot;aperture&quot;:&quot;0&quot;,&quot;credit&quot;:&quot;&quot;,&quot;camera&quot;:&quot;&quot;,&quot;caption&quot;:&quot;&quot;,&quot;created_timestamp&quot;:&quot;0&quot;,&quot;copyright&quot;:&quot;&quot;,&quot;focal_length&quot;:&quot;0&quot;,&quot;iso&quot;:&quot;0&quot;,&quot;shutter_speed&quot;:&quot;0&quot;,&quot;title&quot;:&quot;&quot;}\" data-image-title=\"Ein Fischer, hinter ihm ein Boot voller Fische, daneben ich\" data-image-description=\"\" data-medium-file=\"http:\/\/www.chiller.at\/wordpress\/wp-content\/uploads\/2010\/09\/4.sept_Wilkowo-9-216x300.jpg\" data-large-file=\"http:\/\/www.chiller.at\/wordpress\/wp-content\/uploads\/2010\/09\/4.sept_Wilkowo-9.jpg\" \/><\/a>\n\t\t\t<\/div>\n\t\t\t\t<figcaption class='wp-caption-text gallery-caption' id='gallery-1-663'>\n\t\t\t\tEr h\u00e4tte uns auf eine Hochzeit eingeladen&#8230;\n\t\t\t\t<\/figcaption><\/figure><figure class='gallery-item'>\n\t\t\t<div class='gallery-icon landscape'>\n\t\t\t\t<a href='http:\/\/www.chiller.at\/wordpress\/wp-content\/uploads\/2010\/09\/4.sept_Wilkowo-46.jpg'><img width=\"150\" height=\"150\" src=\"http:\/\/www.chiller.at\/wordpress\/wp-content\/uploads\/2010\/09\/4.sept_Wilkowo-46-150x150.jpg\" class=\"attachment-thumbnail size-thumbnail\" alt=\"\" loading=\"lazy\" aria-describedby=\"gallery-1-713\" data-attachment-id=\"713\" data-permalink=\"http:\/\/www.chiller.at\/?attachment_id=713\" data-orig-file=\"http:\/\/www.chiller.at\/wordpress\/wp-content\/uploads\/2010\/09\/4.sept_Wilkowo-46.jpg\" data-orig-size=\"640,368\" data-comments-opened=\"1\" data-image-meta=\"{&quot;aperture&quot;:&quot;0&quot;,&quot;credit&quot;:&quot;Florian Schilling&quot;,&quot;camera&quot;:&quot;&quot;,&quot;caption&quot;:&quot;&quot;,&quot;created_timestamp&quot;:&quot;0&quot;,&quot;copyright&quot;:&quot;&quot;,&quot;focal_length&quot;:&quot;0&quot;,&quot;iso&quot;:&quot;0&quot;,&quot;shutter_speed&quot;:&quot;0&quot;,&quot;title&quot;:&quot;&quot;}\" data-image-title=\"Unser Boot im Naturschutzgebiet\" data-image-description=\"\" data-medium-file=\"http:\/\/www.chiller.at\/wordpress\/wp-content\/uploads\/2010\/09\/4.sept_Wilkowo-46-300x172.jpg\" data-large-file=\"http:\/\/www.chiller.at\/wordpress\/wp-content\/uploads\/2010\/09\/4.sept_Wilkowo-46.jpg\" \/><\/a>\n\t\t\t<\/div>\n\t\t\t\t<figcaption class='wp-caption-text gallery-caption' id='gallery-1-713'>\n\t\t\t\tUnser Boot im Naturschutzgebiet\n\t\t\t\t<\/figcaption><\/figure><figure class='gallery-item'>\n\t\t\t<div class='gallery-icon landscape'>\n\t\t\t\t<a href='http:\/\/www.chiller.at\/wordpress\/wp-content\/uploads\/2010\/09\/4.sept_Wilkowo-14.jpg'><img width=\"150\" height=\"150\" src=\"http:\/\/www.chiller.at\/wordpress\/wp-content\/uploads\/2010\/09\/4.sept_Wilkowo-14-150x150.jpg\" class=\"attachment-thumbnail size-thumbnail\" alt=\"\" loading=\"lazy\" data-attachment-id=\"668\" data-permalink=\"http:\/\/www.chiller.at\/?attachment_id=668\" data-orig-file=\"http:\/\/www.chiller.at\/wordpress\/wp-content\/uploads\/2010\/09\/4.sept_Wilkowo-14.jpg\" data-orig-size=\"640,427\" data-comments-opened=\"1\" data-image-meta=\"{&quot;aperture&quot;:&quot;0&quot;,&quot;credit&quot;:&quot;Florian Schilling&quot;,&quot;camera&quot;:&quot;&quot;,&quot;caption&quot;:&quot;&quot;,&quot;created_timestamp&quot;:&quot;0&quot;,&quot;copyright&quot;:&quot;&quot;,&quot;focal_length&quot;:&quot;0&quot;,&quot;iso&quot;:&quot;0&quot;,&quot;shutter_speed&quot;:&quot;0&quot;,&quot;title&quot;:&quot;&quot;}\" data-image-title=\"Unendliche Weite des Deltas\" data-image-description=\"\" data-medium-file=\"http:\/\/www.chiller.at\/wordpress\/wp-content\/uploads\/2010\/09\/4.sept_Wilkowo-14-300x200.jpg\" data-large-file=\"http:\/\/www.chiller.at\/wordpress\/wp-content\/uploads\/2010\/09\/4.sept_Wilkowo-14.jpg\" \/><\/a>\n\t\t\t<\/div><\/figure><figure class='gallery-item'>\n\t\t\t<div class='gallery-icon landscape'>\n\t\t\t\t<a href='http:\/\/www.chiller.at\/wordpress\/wp-content\/uploads\/2010\/09\/4.sept_Wilkowo-15.jpg'><img width=\"150\" height=\"150\" src=\"http:\/\/www.chiller.at\/wordpress\/wp-content\/uploads\/2010\/09\/4.sept_Wilkowo-15-150x150.jpg\" class=\"attachment-thumbnail size-thumbnail\" alt=\"\" loading=\"lazy\" data-attachment-id=\"669\" data-permalink=\"http:\/\/www.chiller.at\/?attachment_id=669\" data-orig-file=\"http:\/\/www.chiller.at\/wordpress\/wp-content\/uploads\/2010\/09\/4.sept_Wilkowo-15.jpg\" data-orig-size=\"640,412\" data-comments-opened=\"1\" data-image-meta=\"{&quot;aperture&quot;:&quot;0&quot;,&quot;credit&quot;:&quot;Florian Schilling&quot;,&quot;camera&quot;:&quot;&quot;,&quot;caption&quot;:&quot;&quot;,&quot;created_timestamp&quot;:&quot;0&quot;,&quot;copyright&quot;:&quot;&quot;,&quot;focal_length&quot;:&quot;0&quot;,&quot;iso&quot;:&quot;0&quot;,&quot;shutter_speed&quot;:&quot;0&quot;,&quot;title&quot;:&quot;&quot;}\" data-image-title=\"Er chillt, sie fischt&#8230;\" data-image-description=\"\" data-medium-file=\"http:\/\/www.chiller.at\/wordpress\/wp-content\/uploads\/2010\/09\/4.sept_Wilkowo-15-300x193.jpg\" data-large-file=\"http:\/\/www.chiller.at\/wordpress\/wp-content\/uploads\/2010\/09\/4.sept_Wilkowo-15.jpg\" \/><\/a>\n\t\t\t<\/div><\/figure><figure class='gallery-item'>\n\t\t\t<div class='gallery-icon landscape'>\n\t\t\t\t<a href='http:\/\/www.chiller.at\/wordpress\/wp-content\/uploads\/2010\/09\/4.sept_Wilkowo-20.jpg'><img width=\"150\" height=\"150\" src=\"http:\/\/www.chiller.at\/wordpress\/wp-content\/uploads\/2010\/09\/4.sept_Wilkowo-20-150x150.jpg\" class=\"attachment-thumbnail size-thumbnail\" alt=\"\" loading=\"lazy\" data-attachment-id=\"674\" data-permalink=\"http:\/\/www.chiller.at\/?attachment_id=674\" data-orig-file=\"http:\/\/www.chiller.at\/wordpress\/wp-content\/uploads\/2010\/09\/4.sept_Wilkowo-20.jpg\" data-orig-size=\"640,325\" data-comments-opened=\"1\" data-image-meta=\"{&quot;aperture&quot;:&quot;0&quot;,&quot;credit&quot;:&quot;Florian Schilling&quot;,&quot;camera&quot;:&quot;&quot;,&quot;caption&quot;:&quot;&quot;,&quot;created_timestamp&quot;:&quot;0&quot;,&quot;copyright&quot;:&quot;&quot;,&quot;focal_length&quot;:&quot;0&quot;,&quot;iso&quot;:&quot;0&quot;,&quot;shutter_speed&quot;:&quot;0&quot;,&quot;title&quot;:&quot;&quot;}\" data-image-title=\"Pelikane auf einer kleinen Landzunge zwischen Donau und Meer\" data-image-description=\"\" data-medium-file=\"http:\/\/www.chiller.at\/wordpress\/wp-content\/uploads\/2010\/09\/4.sept_Wilkowo-20-300x152.jpg\" data-large-file=\"http:\/\/www.chiller.at\/wordpress\/wp-content\/uploads\/2010\/09\/4.sept_Wilkowo-20.jpg\" \/><\/a>\n\t\t\t<\/div><\/figure><figure class='gallery-item'>\n\t\t\t<div class='gallery-icon landscape'>\n\t\t\t\t<a href='http:\/\/www.chiller.at\/wordpress\/wp-content\/uploads\/2010\/09\/4.sept_Wilkowo-22.jpg'><img width=\"150\" height=\"150\" src=\"http:\/\/www.chiller.at\/wordpress\/wp-content\/uploads\/2010\/09\/4.sept_Wilkowo-22-150x150.jpg\" class=\"attachment-thumbnail size-thumbnail\" alt=\"\" loading=\"lazy\" data-attachment-id=\"676\" data-permalink=\"http:\/\/www.chiller.at\/?attachment_id=676\" data-orig-file=\"http:\/\/www.chiller.at\/wordpress\/wp-content\/uploads\/2010\/09\/4.sept_Wilkowo-22.jpg\" data-orig-size=\"640,331\" data-comments-opened=\"1\" data-image-meta=\"{&quot;aperture&quot;:&quot;0&quot;,&quot;credit&quot;:&quot;Florian Schilling&quot;,&quot;camera&quot;:&quot;&quot;,&quot;caption&quot;:&quot;&quot;,&quot;created_timestamp&quot;:&quot;0&quot;,&quot;copyright&quot;:&quot;&quot;,&quot;focal_length&quot;:&quot;0&quot;,&quot;iso&quot;:&quot;0&quot;,&quot;shutter_speed&quot;:&quot;0&quot;,&quot;title&quot;:&quot;&quot;}\" data-image-title=\"und noch ein paar\" data-image-description=\"\" data-medium-file=\"http:\/\/www.chiller.at\/wordpress\/wp-content\/uploads\/2010\/09\/4.sept_Wilkowo-22-300x155.jpg\" data-large-file=\"http:\/\/www.chiller.at\/wordpress\/wp-content\/uploads\/2010\/09\/4.sept_Wilkowo-22.jpg\" \/><\/a>\n\t\t\t<\/div><\/figure><figure class='gallery-item'>\n\t\t\t<div class='gallery-icon landscape'>\n\t\t\t\t<a href='http:\/\/www.chiller.at\/wordpress\/wp-content\/uploads\/2010\/09\/4.sept_Wilkowo-26.jpg'><img width=\"150\" height=\"150\" src=\"http:\/\/www.chiller.at\/wordpress\/wp-content\/uploads\/2010\/09\/4.sept_Wilkowo-26-150x150.jpg\" class=\"attachment-thumbnail size-thumbnail\" alt=\"\" loading=\"lazy\" data-attachment-id=\"680\" data-permalink=\"http:\/\/www.chiller.at\/?attachment_id=680\" data-orig-file=\"http:\/\/www.chiller.at\/wordpress\/wp-content\/uploads\/2010\/09\/4.sept_Wilkowo-26.jpg\" data-orig-size=\"640,427\" data-comments-opened=\"1\" data-image-meta=\"{&quot;aperture&quot;:&quot;0&quot;,&quot;credit&quot;:&quot;Florian Schilling&quot;,&quot;camera&quot;:&quot;&quot;,&quot;caption&quot;:&quot;&quot;,&quot;created_timestamp&quot;:&quot;0&quot;,&quot;copyright&quot;:&quot;&quot;,&quot;focal_length&quot;:&quot;0&quot;,&quot;iso&quot;:&quot;0&quot;,&quot;shutter_speed&quot;:&quot;0&quot;,&quot;title&quot;:&quot;&quot;}\" data-image-title=\"Schwanenp\u00e4rchen\" data-image-description=\"\" data-medium-file=\"http:\/\/www.chiller.at\/wordpress\/wp-content\/uploads\/2010\/09\/4.sept_Wilkowo-26-300x200.jpg\" data-large-file=\"http:\/\/www.chiller.at\/wordpress\/wp-content\/uploads\/2010\/09\/4.sept_Wilkowo-26.jpg\" \/><\/a>\n\t\t\t<\/div><\/figure><figure class='gallery-item'>\n\t\t\t<div class='gallery-icon landscape'>\n\t\t\t\t<a href='http:\/\/www.chiller.at\/wordpress\/wp-content\/uploads\/2010\/09\/4.sept_Wilkowo-21.jpg'><img width=\"150\" height=\"150\" src=\"http:\/\/www.chiller.at\/wordpress\/wp-content\/uploads\/2010\/09\/4.sept_Wilkowo-21-150x150.jpg\" class=\"attachment-thumbnail size-thumbnail\" alt=\"\" loading=\"lazy\" data-attachment-id=\"675\" data-permalink=\"http:\/\/www.chiller.at\/?attachment_id=675\" data-orig-file=\"http:\/\/www.chiller.at\/wordpress\/wp-content\/uploads\/2010\/09\/4.sept_Wilkowo-21.jpg\" data-orig-size=\"640,427\" data-comments-opened=\"1\" data-image-meta=\"{&quot;aperture&quot;:&quot;0&quot;,&quot;credit&quot;:&quot;Florian Schilling&quot;,&quot;camera&quot;:&quot;&quot;,&quot;caption&quot;:&quot;&quot;,&quot;created_timestamp&quot;:&quot;0&quot;,&quot;copyright&quot;:&quot;&quot;,&quot;focal_length&quot;:&quot;0&quot;,&quot;iso&quot;:&quot;0&quot;,&quot;shutter_speed&quot;:&quot;0&quot;,&quot;title&quot;:&quot;&quot;}\" data-image-title=\"Kilometer Null\" data-image-description=\"\" data-medium-file=\"http:\/\/www.chiller.at\/wordpress\/wp-content\/uploads\/2010\/09\/4.sept_Wilkowo-21-300x200.jpg\" data-large-file=\"http:\/\/www.chiller.at\/wordpress\/wp-content\/uploads\/2010\/09\/4.sept_Wilkowo-21.jpg\" \/><\/a>\n\t\t\t<\/div><\/figure><figure class='gallery-item'>\n\t\t\t<div class='gallery-icon landscape'>\n\t\t\t\t<a href='http:\/\/www.chiller.at\/wordpress\/wp-content\/uploads\/2010\/09\/4.sept_Wilkowo-30.jpg'><img width=\"150\" height=\"150\" src=\"http:\/\/www.chiller.at\/wordpress\/wp-content\/uploads\/2010\/09\/4.sept_Wilkowo-30-150x150.jpg\" class=\"attachment-thumbnail size-thumbnail\" alt=\"\" loading=\"lazy\" data-attachment-id=\"684\" data-permalink=\"http:\/\/www.chiller.at\/?attachment_id=684\" data-orig-file=\"http:\/\/www.chiller.at\/wordpress\/wp-content\/uploads\/2010\/09\/4.sept_Wilkowo-30.jpg\" data-orig-size=\"640,445\" data-comments-opened=\"1\" data-image-meta=\"{&quot;aperture&quot;:&quot;0&quot;,&quot;credit&quot;:&quot;Florian Schilling&quot;,&quot;camera&quot;:&quot;&quot;,&quot;caption&quot;:&quot;&quot;,&quot;created_timestamp&quot;:&quot;0&quot;,&quot;copyright&quot;:&quot;&quot;,&quot;focal_length&quot;:&quot;0&quot;,&quot;iso&quot;:&quot;0&quot;,&quot;shutter_speed&quot;:&quot;0&quot;,&quot;title&quot;:&quot;&quot;}\" data-image-title=\"Bootsanlegestelle\" data-image-description=\"\" data-medium-file=\"http:\/\/www.chiller.at\/wordpress\/wp-content\/uploads\/2010\/09\/4.sept_Wilkowo-30-300x208.jpg\" data-large-file=\"http:\/\/www.chiller.at\/wordpress\/wp-content\/uploads\/2010\/09\/4.sept_Wilkowo-30.jpg\" \/><\/a>\n\t\t\t<\/div><\/figure><figure class='gallery-item'>\n\t\t\t<div class='gallery-icon landscape'>\n\t\t\t\t<a href='http:\/\/www.chiller.at\/wordpress\/wp-content\/uploads\/2010\/09\/4.sept_Wilkowo-31.jpg'><img width=\"150\" height=\"150\" src=\"http:\/\/www.chiller.at\/wordpress\/wp-content\/uploads\/2010\/09\/4.sept_Wilkowo-31-150x150.jpg\" class=\"attachment-thumbnail size-thumbnail\" alt=\"\" loading=\"lazy\" data-attachment-id=\"685\" data-permalink=\"http:\/\/www.chiller.at\/?attachment_id=685\" data-orig-file=\"http:\/\/www.chiller.at\/wordpress\/wp-content\/uploads\/2010\/09\/4.sept_Wilkowo-31.jpg\" data-orig-size=\"640,462\" data-comments-opened=\"1\" data-image-meta=\"{&quot;aperture&quot;:&quot;0&quot;,&quot;credit&quot;:&quot;Florian Schilling&quot;,&quot;camera&quot;:&quot;&quot;,&quot;caption&quot;:&quot;&quot;,&quot;created_timestamp&quot;:&quot;0&quot;,&quot;copyright&quot;:&quot;&quot;,&quot;focal_length&quot;:&quot;0&quot;,&quot;iso&quot;:&quot;0&quot;,&quot;shutter_speed&quot;:&quot;0&quot;,&quot;title&quot;:&quot;&quot;}\" data-image-title=\"Relaxender einheimischer Raucher\" data-image-description=\"\" data-medium-file=\"http:\/\/www.chiller.at\/wordpress\/wp-content\/uploads\/2010\/09\/4.sept_Wilkowo-31-300x216.jpg\" data-large-file=\"http:\/\/www.chiller.at\/wordpress\/wp-content\/uploads\/2010\/09\/4.sept_Wilkowo-31.jpg\" \/><\/a>\n\t\t\t<\/div><\/figure><figure class='gallery-item'>\n\t\t\t<div class='gallery-icon landscape'>\n\t\t\t\t<a href='http:\/\/www.chiller.at\/wordpress\/wp-content\/uploads\/2010\/09\/4.sept_Wilkowo-35.jpg'><img width=\"150\" height=\"150\" src=\"http:\/\/www.chiller.at\/wordpress\/wp-content\/uploads\/2010\/09\/4.sept_Wilkowo-35-150x150.jpg\" class=\"attachment-thumbnail size-thumbnail\" alt=\"\" loading=\"lazy\" data-attachment-id=\"689\" data-permalink=\"http:\/\/www.chiller.at\/?attachment_id=689\" data-orig-file=\"http:\/\/www.chiller.at\/wordpress\/wp-content\/uploads\/2010\/09\/4.sept_Wilkowo-35.jpg\" data-orig-size=\"640,328\" data-comments-opened=\"1\" data-image-meta=\"{&quot;aperture&quot;:&quot;0&quot;,&quot;credit&quot;:&quot;Florian Schilling&quot;,&quot;camera&quot;:&quot;&quot;,&quot;caption&quot;:&quot;&quot;,&quot;created_timestamp&quot;:&quot;0&quot;,&quot;copyright&quot;:&quot;&quot;,&quot;focal_length&quot;:&quot;0&quot;,&quot;iso&quot;:&quot;0&quot;,&quot;shutter_speed&quot;:&quot;0&quot;,&quot;title&quot;:&quot;&quot;}\" data-image-title=\"Unsere &#8218;Rastst\u00e4tte&#8216;\" data-image-description=\"\" data-medium-file=\"http:\/\/www.chiller.at\/wordpress\/wp-content\/uploads\/2010\/09\/4.sept_Wilkowo-35-300x153.jpg\" data-large-file=\"http:\/\/www.chiller.at\/wordpress\/wp-content\/uploads\/2010\/09\/4.sept_Wilkowo-35.jpg\" \/><\/a>\n\t\t\t<\/div><\/figure><figure class='gallery-item'>\n\t\t\t<div class='gallery-icon landscape'>\n\t\t\t\t<a href='http:\/\/www.chiller.at\/wordpress\/wp-content\/uploads\/2010\/09\/4.sept_Wilkowo-39.jpg'><img width=\"150\" height=\"150\" src=\"http:\/\/www.chiller.at\/wordpress\/wp-content\/uploads\/2010\/09\/4.sept_Wilkowo-39-150x150.jpg\" class=\"attachment-thumbnail size-thumbnail\" alt=\"\" loading=\"lazy\" data-attachment-id=\"693\" data-permalink=\"http:\/\/www.chiller.at\/?attachment_id=693\" data-orig-file=\"http:\/\/www.chiller.at\/wordpress\/wp-content\/uploads\/2010\/09\/4.sept_Wilkowo-39.jpg\" data-orig-size=\"640,427\" data-comments-opened=\"1\" data-image-meta=\"{&quot;aperture&quot;:&quot;0&quot;,&quot;credit&quot;:&quot;Florian Schilling&quot;,&quot;camera&quot;:&quot;&quot;,&quot;caption&quot;:&quot;&quot;,&quot;created_timestamp&quot;:&quot;0&quot;,&quot;copyright&quot;:&quot;&quot;,&quot;focal_length&quot;:&quot;0&quot;,&quot;iso&quot;:&quot;0&quot;,&quot;shutter_speed&quot;:&quot;0&quot;,&quot;title&quot;:&quot;&quot;}\" data-image-title=\"Haus im Delta bei unserem Rastplatz\" data-image-description=\"\" data-medium-file=\"http:\/\/www.chiller.at\/wordpress\/wp-content\/uploads\/2010\/09\/4.sept_Wilkowo-39-300x200.jpg\" data-large-file=\"http:\/\/www.chiller.at\/wordpress\/wp-content\/uploads\/2010\/09\/4.sept_Wilkowo-39.jpg\" \/><\/a>\n\t\t\t<\/div><\/figure><figure class='gallery-item'>\n\t\t\t<div class='gallery-icon landscape'>\n\t\t\t\t<a href='http:\/\/www.chiller.at\/wordpress\/wp-content\/uploads\/2010\/09\/4.sept_Wilkowo-34.jpg'><img width=\"150\" height=\"150\" src=\"http:\/\/www.chiller.at\/wordpress\/wp-content\/uploads\/2010\/09\/4.sept_Wilkowo-34-150x150.jpg\" class=\"attachment-thumbnail size-thumbnail\" alt=\"\" loading=\"lazy\" aria-describedby=\"gallery-1-688\" data-attachment-id=\"688\" data-permalink=\"http:\/\/www.chiller.at\/?attachment_id=688\" data-orig-file=\"http:\/\/www.chiller.at\/wordpress\/wp-content\/uploads\/2010\/09\/4.sept_Wilkowo-34.jpg\" data-orig-size=\"640,482\" data-comments-opened=\"1\" data-image-meta=\"{&quot;aperture&quot;:&quot;0&quot;,&quot;credit&quot;:&quot;Florian Schilling&quot;,&quot;camera&quot;:&quot;&quot;,&quot;caption&quot;:&quot;&quot;,&quot;created_timestamp&quot;:&quot;0&quot;,&quot;copyright&quot;:&quot;&quot;,&quot;focal_length&quot;:&quot;0&quot;,&quot;iso&quot;:&quot;0&quot;,&quot;shutter_speed&quot;:&quot;0&quot;,&quot;title&quot;:&quot;&quot;}\" data-image-title=\"Fischteller als Picknick\" data-image-description=\"\" data-medium-file=\"http:\/\/www.chiller.at\/wordpress\/wp-content\/uploads\/2010\/09\/4.sept_Wilkowo-34-300x225.jpg\" data-large-file=\"http:\/\/www.chiller.at\/wordpress\/wp-content\/uploads\/2010\/09\/4.sept_Wilkowo-34.jpg\" \/><\/a>\n\t\t\t<\/div>\n\t\t\t\t<figcaption class='wp-caption-text gallery-caption' id='gallery-1-688'>\n\t\t\t\tAls Kostprobe ein Teller voller Fisch, Wein und Fischsuppe\n\t\t\t\t<\/figcaption><\/figure><figure class='gallery-item'>\n\t\t\t<div class='gallery-icon landscape'>\n\t\t\t\t<a href='http:\/\/www.chiller.at\/wordpress\/wp-content\/uploads\/2010\/09\/4.sept_Wilkowo-38.jpg'><img width=\"150\" height=\"150\" src=\"http:\/\/www.chiller.at\/wordpress\/wp-content\/uploads\/2010\/09\/4.sept_Wilkowo-38-150x150.jpg\" class=\"attachment-thumbnail size-thumbnail\" alt=\"\" loading=\"lazy\" aria-describedby=\"gallery-1-692\" data-attachment-id=\"692\" data-permalink=\"http:\/\/www.chiller.at\/?attachment_id=692\" data-orig-file=\"http:\/\/www.chiller.at\/wordpress\/wp-content\/uploads\/2010\/09\/4.sept_Wilkowo-38.jpg\" data-orig-size=\"640,425\" data-comments-opened=\"1\" data-image-meta=\"{&quot;aperture&quot;:&quot;0&quot;,&quot;credit&quot;:&quot;Florian Schilling&quot;,&quot;camera&quot;:&quot;&quot;,&quot;caption&quot;:&quot;&quot;,&quot;created_timestamp&quot;:&quot;0&quot;,&quot;copyright&quot;:&quot;&quot;,&quot;focal_length&quot;:&quot;0&quot;,&quot;iso&quot;:&quot;0&quot;,&quot;shutter_speed&quot;:&quot;0&quot;,&quot;title&quot;:&quot;&quot;}\" data-image-title=\"Tee aus dem Samowar\" data-image-description=\"\" data-medium-file=\"http:\/\/www.chiller.at\/wordpress\/wp-content\/uploads\/2010\/09\/4.sept_Wilkowo-38-300x199.jpg\" data-large-file=\"http:\/\/www.chiller.at\/wordpress\/wp-content\/uploads\/2010\/09\/4.sept_Wilkowo-38.jpg\" \/><\/a>\n\t\t\t<\/div>\n\t\t\t\t<figcaption class='wp-caption-text gallery-caption' id='gallery-1-692'>\n\t\t\t\tDer Tee war sehr gut und vom Geschmack neu\n\t\t\t\t<\/figcaption><\/figure><figure class='gallery-item'>\n\t\t\t<div class='gallery-icon landscape'>\n\t\t\t\t<a href='http:\/\/www.chiller.at\/wordpress\/wp-content\/uploads\/2010\/09\/4.sept_Wilkowo-41.jpg'><img width=\"150\" height=\"150\" src=\"http:\/\/www.chiller.at\/wordpress\/wp-content\/uploads\/2010\/09\/4.sept_Wilkowo-41-150x150.jpg\" class=\"attachment-thumbnail size-thumbnail\" alt=\"\" loading=\"lazy\" aria-describedby=\"gallery-1-695\" data-attachment-id=\"695\" data-permalink=\"http:\/\/www.chiller.at\/?attachment_id=695\" data-orig-file=\"http:\/\/www.chiller.at\/wordpress\/wp-content\/uploads\/2010\/09\/4.sept_Wilkowo-41.jpg\" data-orig-size=\"640,453\" data-comments-opened=\"1\" data-image-meta=\"{&quot;aperture&quot;:&quot;0&quot;,&quot;credit&quot;:&quot;Florian Schilling&quot;,&quot;camera&quot;:&quot;&quot;,&quot;caption&quot;:&quot;&quot;,&quot;created_timestamp&quot;:&quot;0&quot;,&quot;copyright&quot;:&quot;&quot;,&quot;focal_length&quot;:&quot;0&quot;,&quot;iso&quot;:&quot;0&quot;,&quot;shutter_speed&quot;:&quot;0&quot;,&quot;title&quot;:&quot;&quot;}\" data-image-title=\"Apfel aber auch H\u00e4nde waschen ohne Flie\u00dfwasser\" data-image-description=\"\" data-medium-file=\"http:\/\/www.chiller.at\/wordpress\/wp-content\/uploads\/2010\/09\/4.sept_Wilkowo-41-300x212.jpg\" data-large-file=\"http:\/\/www.chiller.at\/wordpress\/wp-content\/uploads\/2010\/09\/4.sept_Wilkowo-41.jpg\" \/><\/a>\n\t\t\t<\/div>\n\t\t\t\t<figcaption class='wp-caption-text gallery-caption' id='gallery-1-695'>\n\t\t\t\tEs gibt kein Flie\u00dfwasser und keinen Strom&#8230;\n\t\t\t\t<\/figcaption><\/figure><figure class='gallery-item'>\n\t\t\t<div class='gallery-icon portrait'>\n\t\t\t\t<a href='http:\/\/www.chiller.at\/wordpress\/wp-content\/uploads\/2010\/09\/4.sept_Wilkowo-37.jpg'><img width=\"150\" height=\"150\" src=\"http:\/\/www.chiller.at\/wordpress\/wp-content\/uploads\/2010\/09\/4.sept_Wilkowo-37-150x150.jpg\" class=\"attachment-thumbnail size-thumbnail\" alt=\"\" loading=\"lazy\" data-attachment-id=\"691\" data-permalink=\"http:\/\/www.chiller.at\/?attachment_id=691\" data-orig-file=\"http:\/\/www.chiller.at\/wordpress\/wp-content\/uploads\/2010\/09\/4.sept_Wilkowo-37.jpg\" data-orig-size=\"427,640\" data-comments-opened=\"1\" data-image-meta=\"{&quot;aperture&quot;:&quot;0&quot;,&quot;credit&quot;:&quot;Florian Schilling&quot;,&quot;camera&quot;:&quot;&quot;,&quot;caption&quot;:&quot;&quot;,&quot;created_timestamp&quot;:&quot;0&quot;,&quot;copyright&quot;:&quot;&quot;,&quot;focal_length&quot;:&quot;0&quot;,&quot;iso&quot;:&quot;0&quot;,&quot;shutter_speed&quot;:&quot;0&quot;,&quot;title&quot;:&quot;&quot;}\" data-image-title=\"Weinreben an einem Haus\" data-image-description=\"\" data-medium-file=\"http:\/\/www.chiller.at\/wordpress\/wp-content\/uploads\/2010\/09\/4.sept_Wilkowo-37-200x300.jpg\" data-large-file=\"http:\/\/www.chiller.at\/wordpress\/wp-content\/uploads\/2010\/09\/4.sept_Wilkowo-37.jpg\" \/><\/a>\n\t\t\t<\/div><\/figure><figure class='gallery-item'>\n\t\t\t<div class='gallery-icon landscape'>\n\t\t\t\t<a href='http:\/\/www.chiller.at\/wordpress\/wp-content\/uploads\/2010\/09\/4.sept_Wilkowo-42.jpg'><img width=\"150\" height=\"150\" src=\"http:\/\/www.chiller.at\/wordpress\/wp-content\/uploads\/2010\/09\/4.sept_Wilkowo-42-150x150.jpg\" class=\"attachment-thumbnail size-thumbnail\" alt=\"\" loading=\"lazy\" data-attachment-id=\"696\" data-permalink=\"http:\/\/www.chiller.at\/?attachment_id=696\" data-orig-file=\"http:\/\/www.chiller.at\/wordpress\/wp-content\/uploads\/2010\/09\/4.sept_Wilkowo-42.jpg\" data-orig-size=\"640,427\" data-comments-opened=\"1\" data-image-meta=\"{&quot;aperture&quot;:&quot;0&quot;,&quot;credit&quot;:&quot;Florian Schilling&quot;,&quot;camera&quot;:&quot;&quot;,&quot;caption&quot;:&quot;&quot;,&quot;created_timestamp&quot;:&quot;0&quot;,&quot;copyright&quot;:&quot;&quot;,&quot;focal_length&quot;:&quot;0&quot;,&quot;iso&quot;:&quot;0&quot;,&quot;shutter_speed&quot;:&quot;0&quot;,&quot;title&quot;:&quot;&quot;}\" data-image-title=\"Einheimischer\" data-image-description=\"\" data-medium-file=\"http:\/\/www.chiller.at\/wordpress\/wp-content\/uploads\/2010\/09\/4.sept_Wilkowo-42-300x200.jpg\" data-large-file=\"http:\/\/www.chiller.at\/wordpress\/wp-content\/uploads\/2010\/09\/4.sept_Wilkowo-42.jpg\" \/><\/a>\n\t\t\t<\/div><\/figure><figure class='gallery-item'>\n\t\t\t<div class='gallery-icon landscape'>\n\t\t\t\t<a href='http:\/\/www.chiller.at\/wordpress\/wp-content\/uploads\/2010\/09\/4.sept_Wilkowo-43.jpg'><img width=\"150\" height=\"150\" src=\"http:\/\/www.chiller.at\/wordpress\/wp-content\/uploads\/2010\/09\/4.sept_Wilkowo-43-150x150.jpg\" class=\"attachment-thumbnail size-thumbnail\" alt=\"\" loading=\"lazy\" data-attachment-id=\"697\" data-permalink=\"http:\/\/www.chiller.at\/?attachment_id=697\" data-orig-file=\"http:\/\/www.chiller.at\/wordpress\/wp-content\/uploads\/2010\/09\/4.sept_Wilkowo-43.jpg\" data-orig-size=\"640,476\" data-comments-opened=\"1\" data-image-meta=\"{&quot;aperture&quot;:&quot;0&quot;,&quot;credit&quot;:&quot;Florian Schilling&quot;,&quot;camera&quot;:&quot;&quot;,&quot;caption&quot;:&quot;&quot;,&quot;created_timestamp&quot;:&quot;0&quot;,&quot;copyright&quot;:&quot;&quot;,&quot;focal_length&quot;:&quot;0&quot;,&quot;iso&quot;:&quot;0&quot;,&quot;shutter_speed&quot;:&quot;0&quot;,&quot;title&quot;:&quot;&quot;}\" data-image-title=\"Unser Kapit\u00e4n und sein Matrose\" data-image-description=\"\" data-medium-file=\"http:\/\/www.chiller.at\/wordpress\/wp-content\/uploads\/2010\/09\/4.sept_Wilkowo-43-300x223.jpg\" data-large-file=\"http:\/\/www.chiller.at\/wordpress\/wp-content\/uploads\/2010\/09\/4.sept_Wilkowo-43.jpg\" \/><\/a>\n\t\t\t<\/div><\/figure><figure class='gallery-item'>\n\t\t\t<div class='gallery-icon landscape'>\n\t\t\t\t<a href='http:\/\/www.chiller.at\/wordpress\/wp-content\/uploads\/2010\/09\/4.sept_Wilkowo-28.jpg'><img width=\"150\" height=\"150\" src=\"http:\/\/www.chiller.at\/wordpress\/wp-content\/uploads\/2010\/09\/4.sept_Wilkowo-28-150x150.jpg\" class=\"attachment-thumbnail size-thumbnail\" alt=\"\" loading=\"lazy\" aria-describedby=\"gallery-1-712\" data-attachment-id=\"712\" data-permalink=\"http:\/\/www.chiller.at\/?attachment_id=712\" data-orig-file=\"http:\/\/www.chiller.at\/wordpress\/wp-content\/uploads\/2010\/09\/4.sept_Wilkowo-28.jpg\" data-orig-size=\"640,434\" data-comments-opened=\"1\" data-image-meta=\"{&quot;aperture&quot;:&quot;0&quot;,&quot;credit&quot;:&quot;Florian Schilling&quot;,&quot;camera&quot;:&quot;&quot;,&quot;caption&quot;:&quot;&quot;,&quot;created_timestamp&quot;:&quot;0&quot;,&quot;copyright&quot;:&quot;&quot;,&quot;focal_length&quot;:&quot;0&quot;,&quot;iso&quot;:&quot;0&quot;,&quot;shutter_speed&quot;:&quot;0&quot;,&quot;title&quot;:&quot;&quot;}\" data-image-title=\"Wohnhaus mitten im Apfel- und Weingarten\" data-image-description=\"\" data-medium-file=\"http:\/\/www.chiller.at\/wordpress\/wp-content\/uploads\/2010\/09\/4.sept_Wilkowo-28-300x203.jpg\" data-large-file=\"http:\/\/www.chiller.at\/wordpress\/wp-content\/uploads\/2010\/09\/4.sept_Wilkowo-28.jpg\" \/><\/a>\n\t\t\t<\/div>\n\t\t\t\t<figcaption class='wp-caption-text gallery-caption' id='gallery-1-712'>\n\t\t\t\tSo leben die Deltabewohner\n\t\t\t\t<\/figcaption><\/figure><figure class='gallery-item'>\n\t\t\t<div class='gallery-icon landscape'>\n\t\t\t\t<a href='http:\/\/www.chiller.at\/wordpress\/wp-content\/uploads\/2010\/09\/4.sept_Wilkowo-50.jpg'><img width=\"150\" height=\"150\" src=\"http:\/\/www.chiller.at\/wordpress\/wp-content\/uploads\/2010\/09\/4.sept_Wilkowo-50-150x150.jpg\" class=\"attachment-thumbnail size-thumbnail\" alt=\"\" loading=\"lazy\" data-attachment-id=\"704\" data-permalink=\"http:\/\/www.chiller.at\/?attachment_id=704\" data-orig-file=\"http:\/\/www.chiller.at\/wordpress\/wp-content\/uploads\/2010\/09\/4.sept_Wilkowo-50.jpg\" data-orig-size=\"640,427\" data-comments-opened=\"1\" data-image-meta=\"{&quot;aperture&quot;:&quot;0&quot;,&quot;credit&quot;:&quot;Florian Schilling&quot;,&quot;camera&quot;:&quot;&quot;,&quot;caption&quot;:&quot;&quot;,&quot;created_timestamp&quot;:&quot;0&quot;,&quot;copyright&quot;:&quot;&quot;,&quot;focal_length&quot;:&quot;0&quot;,&quot;iso&quot;:&quot;0&quot;,&quot;shutter_speed&quot;:&quot;0&quot;,&quot;title&quot;:&quot;&quot;}\" data-image-title=\"Heimkehr auf der Donau\" data-image-description=\"\" data-medium-file=\"http:\/\/www.chiller.at\/wordpress\/wp-content\/uploads\/2010\/09\/4.sept_Wilkowo-50-300x200.jpg\" data-large-file=\"http:\/\/www.chiller.at\/wordpress\/wp-content\/uploads\/2010\/09\/4.sept_Wilkowo-50.jpg\" \/><\/a>\n\t\t\t<\/div><\/figure>\n\t\t<\/div>\n\n","protected":false},"excerpt":{"rendered":"<p>Fernab der Zivilisation, wo die Menschen sogut wie ohne technologischem Fortschritt leben, befindet sich ein Naturparadis, Weinparadis und ein Tourismusort&#8230; Ich spreche vom Delta bei dem die Donau auf das Schwarze Meer trifft. [spoiler show=&#8220;weiterlesen&#8220; hide=&#8220;kompakt&#8220;]Schon wieder Mittwoch und ich bin bis jetzt nicht dazu gekommen \u00fcber meine Tour ins Donaudelta zu schreiben. Schande \u00fcber &hellip; <a href=\"http:\/\/www.chiller.at\/?p=646\" class=\"more-link\"><span class=\"screen-reader-text\">2010 \u2013 Odessa\/Wilkowo \u2013 Tour zum Donaudelta<\/span> weiterlesen <span class=\"meta-nav\">&rarr;<\/span><\/a><\/p>\n","protected":false},"author":1,"featured_media":0,"comment_status":"open","ping_status":"open","sticky":false,"template":"","format":"standard","meta":{"spay_email":"","jetpack_publicize_message":"","jetpack_is_tweetstorm":false},"categories":[280],"tags":[50,49,52,51,275,54,53,43],"jetpack_featured_media_url":"","jetpack_publicize_connections":[],"jetpack_sharing_enabled":true,"jetpack_shortlink":"https:\/\/wp.me\/p20QI6-aq","jetpack_likes_enabled":true,"_links":{"self":[{"href":"http:\/\/www.chiller.at\/index.php?rest_route=\/wp\/v2\/posts\/646"}],"collection":[{"href":"http:\/\/www.chiller.at\/index.php?rest_route=\/wp\/v2\/posts"}],"about":[{"href":"http:\/\/www.chiller.at\/index.php?rest_route=\/wp\/v2\/types\/post"}],"author":[{"embeddable":true,"href":"http:\/\/www.chiller.at\/index.php?rest_route=\/wp\/v2\/users\/1"}],"replies":[{"embeddable":true,"href":"http:\/\/www.chiller.at\/index.php?rest_route=%2Fwp%2Fv2%2Fcomments&post=646"}],"version-history":[{"count":0,"href":"http:\/\/www.chiller.at\/index.php?rest_route=\/wp\/v2\/posts\/646\/revisions"}],"wp:attachment":[{"href":"http:\/\/www.chiller.at\/index.php?rest_route=%2Fwp%2Fv2%2Fmedia&parent=646"}],"wp:term":[{"taxonomy":"category","embeddable":true,"href":"http:\/\/www.chiller.at\/index.php?rest_route=%2Fwp%2Fv2%2Fcategories&post=646"},{"taxonomy":"post_tag","embeddable":true,"href":"http:\/\/www.chiller.at\/index.php?rest_route=%2Fwp%2Fv2%2Ftags&post=646"}],"curies":[{"name":"wp","href":"https:\/\/api.w.org\/{rel}","templated":true}]}}