{"id":626,"date":"2010-09-02T15:00:00","date_gmt":"2010-09-02T13:00:00","guid":{"rendered":"http:\/\/www.chiller.at\/?p=626"},"modified":"2011-12-29T16:42:05","modified_gmt":"2011-12-29T14:42:05","slug":"2010-odessa-1-september-erster-schultag","status":"publish","type":"post","link":"http:\/\/www.chiller.at\/?p=626","title":{"rendered":"2010 \u2013 Odessa \u2013 1.September, erster Schultag"},"content":{"rendered":"<p><strong>Wie ein Feiertag zelebriert, der erste Schultag. In festlichen Gew\u00e4ndern oder Uniformen wuseln einheimische Kinder und Jugendliche durch die Stra\u00dfen. Leider ist dieses Jahr der Regen dazwischen gekommen und ich hatte kaum Chancen auf ein Foto&#8230;<br \/>\n<\/strong><\/p>\n<div>[spoiler show=&#8220;weiterlesen&#8220; hide=&#8220;kompakt&#8220;]Das Wetter war nicht besonders und die Erwartungen im Keller&#8230; der Regen lie\u00df, wie vermutet, die Schulkinder und Studiumbeginnenden schnell den Heimweg oder ein Lokal aufsuchen. Ich bekam selten eine Chance ein Bild zu knipsen, wie h\u00fcbsch nicht alle hergerichtet waren. Denn der erste Schultag wird hier wie ein Feiertag zelebriert und zwar in Anzug, Uniform,&#8230; Danach essen gehen oder ein Festmahl zu Hause. Letztes Jahr war traumhaftes Wetter und einiges los auf den Stra\u00dfen.<\/p>\n<p>Irgendwie nicht sehr motiviert machte ich mich dann auf zur Promenade um Vorbereitung f\u00fcr das Stadtfest am n\u00e4chsten Tag zu erkunden. Die B\u00fchne stand schon (<a title=\"\u0414\u0435\u043d\u044c \u0433\u043e\u0440\u043e\u0434\u0430 \u2013 216 Jahre Odessa\" href=\"..\/..\/?p=577\">Bild im n\u00e4chsten Blogeintrag<\/a>, da Licht zu schlecht) und ich konnte zusehen, wie die &#8222;Blumenausstellung&#8220; hergerichtet wurde.<br \/>\nAm Heimweg ging ich wieder einmal \u00fcber die Br\u00fccke an der P\u00e4rchen gerne ein Schloss mit ihren Namen h\u00e4ngen. Da ich eh noch nicht allzuviele Fotos geschossen habe, machte ich gleich eine (fiktive) 3-Fotostrecke.<\/p>\n<p>[\/spoiler]<\/p><\/div>\n<div data-carousel-extra='{\"blog_id\":1,\"permalink\":\"http:\\\/\\\/www.chiller.at\\\/?p=626\"}' id='gallery-1' class='gallery galleryid-626 gallery-columns-3 gallery-size-thumbnail'><figure class='gallery-item'>\n\t\t\t<div class='gallery-icon portrait'>\n\t\t\t\t<a href='http:\/\/www.chiller.at\/wordpress\/wp-content\/uploads\/2010\/09\/1.sept-1.jpg'><img width=\"150\" height=\"150\" src=\"http:\/\/www.chiller.at\/wordpress\/wp-content\/uploads\/2010\/09\/1.sept-1-150x150.jpg\" class=\"attachment-thumbnail size-thumbnail\" alt=\"\" loading=\"lazy\" data-attachment-id=\"627\" data-permalink=\"http:\/\/www.chiller.at\/?attachment_id=627\" data-orig-file=\"http:\/\/www.chiller.at\/wordpress\/wp-content\/uploads\/2010\/09\/1.sept-1.jpg\" data-orig-size=\"348,640\" data-comments-opened=\"1\" data-image-meta=\"{&quot;aperture&quot;:&quot;0&quot;,&quot;credit&quot;:&quot;Florian Schilling&quot;,&quot;camera&quot;:&quot;&quot;,&quot;caption&quot;:&quot;&quot;,&quot;created_timestamp&quot;:&quot;0&quot;,&quot;copyright&quot;:&quot;&quot;,&quot;focal_length&quot;:&quot;0&quot;,&quot;iso&quot;:&quot;0&quot;,&quot;shutter_speed&quot;:&quot;0&quot;,&quot;title&quot;:&quot;&quot;}\" data-image-title=\"M\u00e4dchen in Vorschulgewand\" data-image-description=\"\" data-medium-file=\"http:\/\/www.chiller.at\/wordpress\/wp-content\/uploads\/2010\/09\/1.sept-1-163x300.jpg\" data-large-file=\"http:\/\/www.chiller.at\/wordpress\/wp-content\/uploads\/2010\/09\/1.sept-1.jpg\" \/><\/a>\n\t\t\t<\/div><\/figure><figure class='gallery-item'>\n\t\t\t<div class='gallery-icon landscape'>\n\t\t\t\t<a href='http:\/\/www.chiller.at\/wordpress\/wp-content\/uploads\/2010\/09\/1.sept-2.jpg'><img width=\"150\" height=\"150\" src=\"http:\/\/www.chiller.at\/wordpress\/wp-content\/uploads\/2010\/09\/1.sept-2-150x150.jpg\" class=\"attachment-thumbnail size-thumbnail\" alt=\"\" loading=\"lazy\" data-attachment-id=\"628\" data-permalink=\"http:\/\/www.chiller.at\/?attachment_id=628\" data-orig-file=\"http:\/\/www.chiller.at\/wordpress\/wp-content\/uploads\/2010\/09\/1.sept-2.jpg\" data-orig-size=\"640,532\" data-comments-opened=\"1\" data-image-meta=\"{&quot;aperture&quot;:&quot;0&quot;,&quot;credit&quot;:&quot;Florian Schilling&quot;,&quot;camera&quot;:&quot;&quot;,&quot;caption&quot;:&quot;&quot;,&quot;created_timestamp&quot;:&quot;0&quot;,&quot;copyright&quot;:&quot;&quot;,&quot;focal_length&quot;:&quot;0&quot;,&quot;iso&quot;:&quot;0&quot;,&quot;shutter_speed&quot;:&quot;0&quot;,&quot;title&quot;:&quot;&quot;}\" data-image-title=\"Burschen in Uniform\" data-image-description=\"\" data-medium-file=\"http:\/\/www.chiller.at\/wordpress\/wp-content\/uploads\/2010\/09\/1.sept-2-300x249.jpg\" data-large-file=\"http:\/\/www.chiller.at\/wordpress\/wp-content\/uploads\/2010\/09\/1.sept-2.jpg\" \/><\/a>\n\t\t\t<\/div><\/figure><figure class='gallery-item'>\n\t\t\t<div class='gallery-icon landscape'>\n\t\t\t\t<a href='http:\/\/www.chiller.at\/wordpress\/wp-content\/uploads\/2010\/09\/1.sept-3.jpg'><img width=\"150\" height=\"150\" src=\"http:\/\/www.chiller.at\/wordpress\/wp-content\/uploads\/2010\/09\/1.sept-3-150x150.jpg\" class=\"attachment-thumbnail size-thumbnail\" alt=\"\" loading=\"lazy\" data-attachment-id=\"629\" data-permalink=\"http:\/\/www.chiller.at\/?attachment_id=629\" data-orig-file=\"http:\/\/www.chiller.at\/wordpress\/wp-content\/uploads\/2010\/09\/1.sept-3.jpg\" data-orig-size=\"640,427\" data-comments-opened=\"1\" data-image-meta=\"{&quot;aperture&quot;:&quot;0&quot;,&quot;credit&quot;:&quot;Florian Schilling&quot;,&quot;camera&quot;:&quot;&quot;,&quot;caption&quot;:&quot;&quot;,&quot;created_timestamp&quot;:&quot;0&quot;,&quot;copyright&quot;:&quot;&quot;,&quot;focal_length&quot;:&quot;0&quot;,&quot;iso&quot;:&quot;0&quot;,&quot;shutter_speed&quot;:&quot;0&quot;,&quot;title&quot;:&quot;&quot;}\" data-image-title=\"Burschen in Anzug\" data-image-description=\"\" data-medium-file=\"http:\/\/www.chiller.at\/wordpress\/wp-content\/uploads\/2010\/09\/1.sept-3-300x200.jpg\" data-large-file=\"http:\/\/www.chiller.at\/wordpress\/wp-content\/uploads\/2010\/09\/1.sept-3.jpg\" \/><\/a>\n\t\t\t<\/div><\/figure><figure class='gallery-item'>\n\t\t\t<div class='gallery-icon landscape'>\n\t\t\t\t<a href='http:\/\/www.chiller.at\/wordpress\/wp-content\/uploads\/2010\/09\/1.sept-4.jpg'><img width=\"150\" height=\"150\" src=\"http:\/\/www.chiller.at\/wordpress\/wp-content\/uploads\/2010\/09\/1.sept-4-150x150.jpg\" class=\"attachment-thumbnail size-thumbnail\" alt=\"\" loading=\"lazy\" data-attachment-id=\"630\" data-permalink=\"http:\/\/www.chiller.at\/?attachment_id=630\" data-orig-file=\"http:\/\/www.chiller.at\/wordpress\/wp-content\/uploads\/2010\/09\/1.sept-4.jpg\" data-orig-size=\"640,435\" data-comments-opened=\"1\" data-image-meta=\"{&quot;aperture&quot;:&quot;0&quot;,&quot;credit&quot;:&quot;Florian Schilling&quot;,&quot;camera&quot;:&quot;&quot;,&quot;caption&quot;:&quot;&quot;,&quot;created_timestamp&quot;:&quot;0&quot;,&quot;copyright&quot;:&quot;&quot;,&quot;focal_length&quot;:&quot;0&quot;,&quot;iso&quot;:&quot;0&quot;,&quot;shutter_speed&quot;:&quot;0&quot;,&quot;title&quot;:&quot;&quot;}\" data-image-title=\"Schulm\u00e4dchen vor Blumenausstellung\" data-image-description=\"\" data-medium-file=\"http:\/\/www.chiller.at\/wordpress\/wp-content\/uploads\/2010\/09\/1.sept-4-300x203.jpg\" data-large-file=\"http:\/\/www.chiller.at\/wordpress\/wp-content\/uploads\/2010\/09\/1.sept-4.jpg\" \/><\/a>\n\t\t\t<\/div><\/figure><figure class='gallery-item'>\n\t\t\t<div class='gallery-icon landscape'>\n\t\t\t\t<a href='http:\/\/www.chiller.at\/wordpress\/wp-content\/uploads\/2010\/09\/1.sept-5.jpg'><img width=\"150\" height=\"150\" src=\"http:\/\/www.chiller.at\/wordpress\/wp-content\/uploads\/2010\/09\/1.sept-5-150x150.jpg\" class=\"attachment-thumbnail size-thumbnail\" alt=\"\" loading=\"lazy\" data-attachment-id=\"631\" data-permalink=\"http:\/\/www.chiller.at\/?attachment_id=631\" data-orig-file=\"http:\/\/www.chiller.at\/wordpress\/wp-content\/uploads\/2010\/09\/1.sept-5.jpg\" data-orig-size=\"640,427\" data-comments-opened=\"1\" data-image-meta=\"{&quot;aperture&quot;:&quot;0&quot;,&quot;credit&quot;:&quot;Florian Schilling&quot;,&quot;camera&quot;:&quot;&quot;,&quot;caption&quot;:&quot;&quot;,&quot;created_timestamp&quot;:&quot;0&quot;,&quot;copyright&quot;:&quot;&quot;,&quot;focal_length&quot;:&quot;0&quot;,&quot;iso&quot;:&quot;0&quot;,&quot;shutter_speed&quot;:&quot;0&quot;,&quot;title&quot;:&quot;&quot;}\" data-image-title=\"Blumen Szenerie\" data-image-description=\"\" data-medium-file=\"http:\/\/www.chiller.at\/wordpress\/wp-content\/uploads\/2010\/09\/1.sept-5-300x200.jpg\" data-large-file=\"http:\/\/www.chiller.at\/wordpress\/wp-content\/uploads\/2010\/09\/1.sept-5.jpg\" \/><\/a>\n\t\t\t<\/div><\/figure><figure class='gallery-item'>\n\t\t\t<div class='gallery-icon landscape'>\n\t\t\t\t<a href='http:\/\/www.chiller.at\/wordpress\/wp-content\/uploads\/2010\/09\/1.sept-6.jpg'><img width=\"150\" height=\"150\" src=\"http:\/\/www.chiller.at\/wordpress\/wp-content\/uploads\/2010\/09\/1.sept-6-150x150.jpg\" class=\"attachment-thumbnail size-thumbnail\" alt=\"\" loading=\"lazy\" data-attachment-id=\"632\" data-permalink=\"http:\/\/www.chiller.at\/?attachment_id=632\" data-orig-file=\"http:\/\/www.chiller.at\/wordpress\/wp-content\/uploads\/2010\/09\/1.sept-6.jpg\" data-orig-size=\"640,427\" data-comments-opened=\"1\" data-image-meta=\"{&quot;aperture&quot;:&quot;0&quot;,&quot;credit&quot;:&quot;Florian Schilling&quot;,&quot;camera&quot;:&quot;&quot;,&quot;caption&quot;:&quot;&quot;,&quot;created_timestamp&quot;:&quot;0&quot;,&quot;copyright&quot;:&quot;&quot;,&quot;focal_length&quot;:&quot;0&quot;,&quot;iso&quot;:&quot;0&quot;,&quot;shutter_speed&quot;:&quot;0&quot;,&quot;title&quot;:&quot;&quot;}\" data-image-title=\"Tonschalen\" data-image-description=\"\" data-medium-file=\"http:\/\/www.chiller.at\/wordpress\/wp-content\/uploads\/2010\/09\/1.sept-6-300x200.jpg\" data-large-file=\"http:\/\/www.chiller.at\/wordpress\/wp-content\/uploads\/2010\/09\/1.sept-6.jpg\" \/><\/a>\n\t\t\t<\/div><\/figure><figure class='gallery-item'>\n\t\t\t<div class='gallery-icon landscape'>\n\t\t\t\t<a href='http:\/\/www.chiller.at\/wordpress\/wp-content\/uploads\/2010\/09\/1.sept-7.jpg'><img width=\"150\" height=\"150\" src=\"http:\/\/www.chiller.at\/wordpress\/wp-content\/uploads\/2010\/09\/1.sept-7-150x150.jpg\" class=\"attachment-thumbnail size-thumbnail\" alt=\"\" loading=\"lazy\" data-attachment-id=\"633\" data-permalink=\"http:\/\/www.chiller.at\/?attachment_id=633\" data-orig-file=\"http:\/\/www.chiller.at\/wordpress\/wp-content\/uploads\/2010\/09\/1.sept-7.jpg\" data-orig-size=\"640,427\" data-comments-opened=\"1\" data-image-meta=\"{&quot;aperture&quot;:&quot;0&quot;,&quot;credit&quot;:&quot;Florian Schilling&quot;,&quot;camera&quot;:&quot;&quot;,&quot;caption&quot;:&quot;&quot;,&quot;created_timestamp&quot;:&quot;0&quot;,&quot;copyright&quot;:&quot;&quot;,&quot;focal_length&quot;:&quot;0&quot;,&quot;iso&quot;:&quot;0&quot;,&quot;shutter_speed&quot;:&quot;0&quot;,&quot;title&quot;:&quot;&quot;}\" data-image-title=\"Wirtshausszene (am Festtag wirklich als diese genutzt)\" data-image-description=\"\" data-medium-file=\"http:\/\/www.chiller.at\/wordpress\/wp-content\/uploads\/2010\/09\/1.sept-7-300x200.jpg\" data-large-file=\"http:\/\/www.chiller.at\/wordpress\/wp-content\/uploads\/2010\/09\/1.sept-7.jpg\" \/><\/a>\n\t\t\t<\/div><\/figure><figure class='gallery-item'>\n\t\t\t<div class='gallery-icon landscape'>\n\t\t\t\t<a href='http:\/\/www.chiller.at\/wordpress\/wp-content\/uploads\/2010\/09\/1.sept-9.jpg'><img width=\"150\" height=\"150\" src=\"http:\/\/www.chiller.at\/wordpress\/wp-content\/uploads\/2010\/09\/1.sept-9-150x150.jpg\" class=\"attachment-thumbnail size-thumbnail\" alt=\"\" loading=\"lazy\" data-attachment-id=\"635\" data-permalink=\"http:\/\/www.chiller.at\/?attachment_id=635\" data-orig-file=\"http:\/\/www.chiller.at\/wordpress\/wp-content\/uploads\/2010\/09\/1.sept-9.jpg\" data-orig-size=\"640,420\" data-comments-opened=\"1\" data-image-meta=\"{&quot;aperture&quot;:&quot;0&quot;,&quot;credit&quot;:&quot;Florian Schilling&quot;,&quot;camera&quot;:&quot;&quot;,&quot;caption&quot;:&quot;&quot;,&quot;created_timestamp&quot;:&quot;0&quot;,&quot;copyright&quot;:&quot;&quot;,&quot;focal_length&quot;:&quot;0&quot;,&quot;iso&quot;:&quot;0&quot;,&quot;shutter_speed&quot;:&quot;0&quot;,&quot;title&quot;:&quot;&quot;}\" data-image-title=\"Mit einem hunderter Nagel wird ein Loch vorgestochen&#8230;\" data-image-description=\"\" data-medium-file=\"http:\/\/www.chiller.at\/wordpress\/wp-content\/uploads\/2010\/09\/1.sept-9-300x196.jpg\" data-large-file=\"http:\/\/www.chiller.at\/wordpress\/wp-content\/uploads\/2010\/09\/1.sept-9.jpg\" \/><\/a>\n\t\t\t<\/div><\/figure><figure class='gallery-item'>\n\t\t\t<div class='gallery-icon landscape'>\n\t\t\t\t<a href='http:\/\/www.chiller.at\/wordpress\/wp-content\/uploads\/2010\/09\/1.sept-10.jpg'><img width=\"150\" height=\"150\" src=\"http:\/\/www.chiller.at\/wordpress\/wp-content\/uploads\/2010\/09\/1.sept-10-150x150.jpg\" class=\"attachment-thumbnail size-thumbnail\" alt=\"\" loading=\"lazy\" data-attachment-id=\"636\" data-permalink=\"http:\/\/www.chiller.at\/?attachment_id=636\" data-orig-file=\"http:\/\/www.chiller.at\/wordpress\/wp-content\/uploads\/2010\/09\/1.sept-10.jpg\" data-orig-size=\"640,427\" data-comments-opened=\"1\" data-image-meta=\"{&quot;aperture&quot;:&quot;0&quot;,&quot;credit&quot;:&quot;Florian Schilling&quot;,&quot;camera&quot;:&quot;&quot;,&quot;caption&quot;:&quot;&quot;,&quot;created_timestamp&quot;:&quot;0&quot;,&quot;copyright&quot;:&quot;&quot;,&quot;focal_length&quot;:&quot;0&quot;,&quot;iso&quot;:&quot;0&quot;,&quot;shutter_speed&quot;:&quot;0&quot;,&quot;title&quot;:&quot;&quot;}\" data-image-title=\"&#8230;danach die Blume platziert\" data-image-description=\"\" data-medium-file=\"http:\/\/www.chiller.at\/wordpress\/wp-content\/uploads\/2010\/09\/1.sept-10-300x200.jpg\" data-large-file=\"http:\/\/www.chiller.at\/wordpress\/wp-content\/uploads\/2010\/09\/1.sept-10.jpg\" \/><\/a>\n\t\t\t<\/div><\/figure><figure class='gallery-item'>\n\t\t\t<div class='gallery-icon landscape'>\n\t\t\t\t<a href='http:\/\/www.chiller.at\/wordpress\/wp-content\/uploads\/2010\/09\/1.sept-8.jpg'><img width=\"150\" height=\"150\" src=\"http:\/\/www.chiller.at\/wordpress\/wp-content\/uploads\/2010\/09\/1.sept-8-150x150.jpg\" class=\"attachment-thumbnail size-thumbnail\" alt=\"\" loading=\"lazy\" data-attachment-id=\"634\" data-permalink=\"http:\/\/www.chiller.at\/?attachment_id=634\" data-orig-file=\"http:\/\/www.chiller.at\/wordpress\/wp-content\/uploads\/2010\/09\/1.sept-8.jpg\" data-orig-size=\"640,347\" data-comments-opened=\"1\" data-image-meta=\"{&quot;aperture&quot;:&quot;0&quot;,&quot;credit&quot;:&quot;Florian Schilling&quot;,&quot;camera&quot;:&quot;&quot;,&quot;caption&quot;:&quot;&quot;,&quot;created_timestamp&quot;:&quot;0&quot;,&quot;copyright&quot;:&quot;&quot;,&quot;focal_length&quot;:&quot;0&quot;,&quot;iso&quot;:&quot;0&quot;,&quot;shutter_speed&quot;:&quot;0&quot;,&quot;title&quot;:&quot;&quot;}\" data-image-title=\"Fertige Szene\" data-image-description=\"\" data-medium-file=\"http:\/\/www.chiller.at\/wordpress\/wp-content\/uploads\/2010\/09\/1.sept-8-300x162.jpg\" data-large-file=\"http:\/\/www.chiller.at\/wordpress\/wp-content\/uploads\/2010\/09\/1.sept-8.jpg\" \/><\/a>\n\t\t\t<\/div><\/figure><figure class='gallery-item'>\n\t\t\t<div class='gallery-icon portrait'>\n\t\t\t\t<a href='http:\/\/www.chiller.at\/wordpress\/wp-content\/uploads\/2010\/09\/1.sept-11.jpg'><img width=\"150\" height=\"150\" src=\"http:\/\/www.chiller.at\/wordpress\/wp-content\/uploads\/2010\/09\/1.sept-11-150x150.jpg\" class=\"attachment-thumbnail size-thumbnail\" alt=\"\" loading=\"lazy\" data-attachment-id=\"637\" data-permalink=\"http:\/\/www.chiller.at\/?attachment_id=637\" data-orig-file=\"http:\/\/www.chiller.at\/wordpress\/wp-content\/uploads\/2010\/09\/1.sept-11.jpg\" data-orig-size=\"427,640\" data-comments-opened=\"1\" data-image-meta=\"{&quot;aperture&quot;:&quot;0&quot;,&quot;credit&quot;:&quot;Florian Schilling&quot;,&quot;camera&quot;:&quot;&quot;,&quot;caption&quot;:&quot;&quot;,&quot;created_timestamp&quot;:&quot;0&quot;,&quot;copyright&quot;:&quot;&quot;,&quot;focal_length&quot;:&quot;0&quot;,&quot;iso&quot;:&quot;0&quot;,&quot;shutter_speed&quot;:&quot;0&quot;,&quot;title&quot;:&quot;&quot;}\" data-image-title=\"Ein gef\u00fclltes Glas aus lauter kleinen Blumen\" data-image-description=\"\" data-medium-file=\"http:\/\/www.chiller.at\/wordpress\/wp-content\/uploads\/2010\/09\/1.sept-11-200x300.jpg\" data-large-file=\"http:\/\/www.chiller.at\/wordpress\/wp-content\/uploads\/2010\/09\/1.sept-11.jpg\" \/><\/a>\n\t\t\t<\/div><\/figure><figure class='gallery-item'>\n\t\t\t<div class='gallery-icon landscape'>\n\t\t\t\t<a href='http:\/\/www.chiller.at\/wordpress\/wp-content\/uploads\/2010\/09\/1.sept-12.jpg'><img width=\"150\" height=\"150\" src=\"http:\/\/www.chiller.at\/wordpress\/wp-content\/uploads\/2010\/09\/1.sept-12-150x150.jpg\" class=\"attachment-thumbnail size-thumbnail\" alt=\"\" loading=\"lazy\" data-attachment-id=\"638\" data-permalink=\"http:\/\/www.chiller.at\/?attachment_id=638\" data-orig-file=\"http:\/\/www.chiller.at\/wordpress\/wp-content\/uploads\/2010\/09\/1.sept-12.jpg\" data-orig-size=\"640,427\" data-comments-opened=\"1\" data-image-meta=\"{&quot;aperture&quot;:&quot;0&quot;,&quot;credit&quot;:&quot;Florian Schilling&quot;,&quot;camera&quot;:&quot;&quot;,&quot;caption&quot;:&quot;&quot;,&quot;created_timestamp&quot;:&quot;0&quot;,&quot;copyright&quot;:&quot;&quot;,&quot;focal_length&quot;:&quot;0&quot;,&quot;iso&quot;:&quot;0&quot;,&quot;shutter_speed&quot;:&quot;0&quot;,&quot;title&quot;:&quot;&quot;}\" data-image-title=\"Aufh\u00e4ngen einen Schlosses\" data-image-description=\"\" data-medium-file=\"http:\/\/www.chiller.at\/wordpress\/wp-content\/uploads\/2010\/09\/1.sept-12-300x200.jpg\" data-large-file=\"http:\/\/www.chiller.at\/wordpress\/wp-content\/uploads\/2010\/09\/1.sept-12.jpg\" \/><\/a>\n\t\t\t<\/div><\/figure><figure class='gallery-item'>\n\t\t\t<div class='gallery-icon landscape'>\n\t\t\t\t<a href='http:\/\/www.chiller.at\/wordpress\/wp-content\/uploads\/2010\/09\/1.sept-13.jpg'><img width=\"150\" height=\"150\" src=\"http:\/\/www.chiller.at\/wordpress\/wp-content\/uploads\/2010\/09\/1.sept-13-150x150.jpg\" class=\"attachment-thumbnail size-thumbnail\" alt=\"\" loading=\"lazy\" data-attachment-id=\"639\" data-permalink=\"http:\/\/www.chiller.at\/?attachment_id=639\" data-orig-file=\"http:\/\/www.chiller.at\/wordpress\/wp-content\/uploads\/2010\/09\/1.sept-13.jpg\" data-orig-size=\"640,427\" data-comments-opened=\"1\" data-image-meta=\"{&quot;aperture&quot;:&quot;0&quot;,&quot;credit&quot;:&quot;Florian Schilling&quot;,&quot;camera&quot;:&quot;&quot;,&quot;caption&quot;:&quot;&quot;,&quot;created_timestamp&quot;:&quot;0&quot;,&quot;copyright&quot;:&quot;&quot;,&quot;focal_length&quot;:&quot;0&quot;,&quot;iso&quot;:&quot;0&quot;,&quot;shutter_speed&quot;:&quot;0&quot;,&quot;title&quot;:&quot;&quot;}\" data-image-title=\"weitermarschieren\" data-image-description=\"\" data-medium-file=\"http:\/\/www.chiller.at\/wordpress\/wp-content\/uploads\/2010\/09\/1.sept-13-300x200.jpg\" data-large-file=\"http:\/\/www.chiller.at\/wordpress\/wp-content\/uploads\/2010\/09\/1.sept-13.jpg\" \/><\/a>\n\t\t\t<\/div><\/figure><figure class='gallery-item'>\n\t\t\t<div class='gallery-icon landscape'>\n\t\t\t\t<a href='http:\/\/www.chiller.at\/wordpress\/wp-content\/uploads\/2010\/09\/1.sept-14.jpg'><img width=\"150\" height=\"150\" src=\"http:\/\/www.chiller.at\/wordpress\/wp-content\/uploads\/2010\/09\/1.sept-14-150x150.jpg\" class=\"attachment-thumbnail size-thumbnail\" alt=\"\" loading=\"lazy\" data-attachment-id=\"640\" data-permalink=\"http:\/\/www.chiller.at\/?attachment_id=640\" data-orig-file=\"http:\/\/www.chiller.at\/wordpress\/wp-content\/uploads\/2010\/09\/1.sept-14.jpg\" data-orig-size=\"640,427\" data-comments-opened=\"1\" data-image-meta=\"{&quot;aperture&quot;:&quot;0&quot;,&quot;credit&quot;:&quot;Florian Schilling&quot;,&quot;camera&quot;:&quot;&quot;,&quot;caption&quot;:&quot;&quot;,&quot;created_timestamp&quot;:&quot;0&quot;,&quot;copyright&quot;:&quot;&quot;,&quot;focal_length&quot;:&quot;0&quot;,&quot;iso&quot;:&quot;0&quot;,&quot;shutter_speed&quot;:&quot;0&quot;,&quot;title&quot;:&quot;&quot;}\" data-image-title=\"beschriftetes Schloss\" data-image-description=\"\" data-medium-file=\"http:\/\/www.chiller.at\/wordpress\/wp-content\/uploads\/2010\/09\/1.sept-14-300x200.jpg\" data-large-file=\"http:\/\/www.chiller.at\/wordpress\/wp-content\/uploads\/2010\/09\/1.sept-14.jpg\" \/><\/a>\n\t\t\t<\/div><\/figure>\n\t\t<\/div>\n\n","protected":false},"excerpt":{"rendered":"<p>Wie ein Feiertag zelebriert, der erste Schultag. In festlichen Gew\u00e4ndern oder Uniformen wuseln einheimische Kinder und Jugendliche durch die Stra\u00dfen. Leider ist dieses Jahr der Regen dazwischen gekommen und ich hatte kaum Chancen auf ein Foto&#8230; [spoiler show=&#8220;weiterlesen&#8220; hide=&#8220;kompakt&#8220;]Das Wetter war nicht besonders und die Erwartungen im Keller&#8230; der Regen lie\u00df, wie vermutet, die Schulkinder &hellip; <a href=\"http:\/\/www.chiller.at\/?p=626\" class=\"more-link\"><span class=\"screen-reader-text\">2010 \u2013 Odessa \u2013 1.September, erster Schultag<\/span> weiterlesen <span class=\"meta-nav\">&rarr;<\/span><\/a><\/p>\n","protected":false},"author":1,"featured_media":0,"comment_status":"open","ping_status":"open","sticky":false,"template":"","format":"standard","meta":{"spay_email":"","jetpack_publicize_message":"","jetpack_is_tweetstorm":false},"categories":[280],"tags":[86,275,87,43],"jetpack_featured_media_url":"","jetpack_publicize_connections":[],"jetpack_sharing_enabled":true,"jetpack_shortlink":"https:\/\/wp.me\/p20QI6-a6","jetpack_likes_enabled":true,"_links":{"self":[{"href":"http:\/\/www.chiller.at\/index.php?rest_route=\/wp\/v2\/posts\/626"}],"collection":[{"href":"http:\/\/www.chiller.at\/index.php?rest_route=\/wp\/v2\/posts"}],"about":[{"href":"http:\/\/www.chiller.at\/index.php?rest_route=\/wp\/v2\/types\/post"}],"author":[{"embeddable":true,"href":"http:\/\/www.chiller.at\/index.php?rest_route=\/wp\/v2\/users\/1"}],"replies":[{"embeddable":true,"href":"http:\/\/www.chiller.at\/index.php?rest_route=%2Fwp%2Fv2%2Fcomments&post=626"}],"version-history":[{"count":0,"href":"http:\/\/www.chiller.at\/index.php?rest_route=\/wp\/v2\/posts\/626\/revisions"}],"wp:attachment":[{"href":"http:\/\/www.chiller.at\/index.php?rest_route=%2Fwp%2Fv2%2Fmedia&parent=626"}],"wp:term":[{"taxonomy":"category","embeddable":true,"href":"http:\/\/www.chiller.at\/index.php?rest_route=%2Fwp%2Fv2%2Fcategories&post=626"},{"taxonomy":"post_tag","embeddable":true,"href":"http:\/\/www.chiller.at\/index.php?rest_route=%2Fwp%2Fv2%2Ftags&post=626"}],"curies":[{"name":"wp","href":"https:\/\/api.w.org\/{rel}","templated":true}]}}