{"id":5301,"date":"2012-11-09T11:49:18","date_gmt":"2012-11-09T10:49:18","guid":{"rendered":"http:\/\/www.chiller.at\/?p=5301"},"modified":"2012-12-18T12:21:53","modified_gmt":"2012-12-18T11:21:53","slug":"2012-0929-wiener-fotomarathon-alternativen-und-sonstiges-2","status":"publish","type":"post","link":"http:\/\/www.chiller.at\/?p=5301","title":{"rendered":"2012 0929 \u2013 Wiener Fotomarathon \u2013 Siegerehrung! (Platz 17 von 397)"},"content":{"rendered":"<p><strong>Gerade erreichte mich folgende Mail:<\/strong><br \/>\n<strong> (ohne weitere Worte :))<\/strong><\/p>\n<p><img data-attachment-id=\"5302\" data-permalink=\"http:\/\/www.chiller.at\/?attachment_id=5302\" data-orig-file=\"http:\/\/www.chiller.at\/wordpress\/wp-content\/uploads\/2012\/11\/marathonmail.jpg\" data-orig-size=\"600,251\" data-comments-opened=\"1\" data-image-meta=\"{&quot;aperture&quot;:&quot;0&quot;,&quot;credit&quot;:&quot;&quot;,&quot;camera&quot;:&quot;&quot;,&quot;caption&quot;:&quot;&quot;,&quot;created_timestamp&quot;:&quot;0&quot;,&quot;copyright&quot;:&quot;&quot;,&quot;focal_length&quot;:&quot;0&quot;,&quot;iso&quot;:&quot;0&quot;,&quot;shutter_speed&quot;:&quot;0&quot;,&quot;title&quot;:&quot;&quot;}\" data-image-title=\"marathonmail\" data-image-description=\"\" data-medium-file=\"http:\/\/www.chiller.at\/wordpress\/wp-content\/uploads\/2012\/11\/marathonmail-300x125.jpg\" data-large-file=\"http:\/\/www.chiller.at\/wordpress\/wp-content\/uploads\/2012\/11\/marathonmail.jpg\" loading=\"lazy\" class=\"aligncenter size-medium wp-image-5302\" title=\"marathonmail\" alt=\"\" src=\"http:\/\/www.chiller.at\/wordpress\/wp-content\/uploads\/2012\/11\/marathonmail-300x125.jpg\" width=\"300\" height=\"125\" srcset=\"http:\/\/www.chiller.at\/wordpress\/wp-content\/uploads\/2012\/11\/marathonmail-300x125.jpg 300w, http:\/\/www.chiller.at\/wordpress\/wp-content\/uploads\/2012\/11\/marathonmail.jpg 600w\" sizes=\"(max-width: 300px) 100vw, 300px\" \/><\/p>\n<p style=\"text-align: center;\"><strong>Einladung zur Siegerehrung<\/strong><\/p>\n<p style=\"text-align: center;\">Liebes &#8222;Flo und Nati Baci&#8220; Team,<br \/>\nwir freuen uns, Ihnen mitteilen zu k\u00f6nnen, dass eine unabh\u00e4ngige Fachjury Sie unter die Besten Ihrer Kategorie gereiht hat und d\u00fcrfen Sie hiermit herzlichst zur<\/p>\n<p style=\"text-align: center;\"><strong>Siegerehrung des 9. Wiener Fotomarathons<\/strong><\/p>\n<p style=\"text-align: center;\">einladen.<\/p>\n<hr \/>\n<p><a href=\"http:\/\/www.chiller.at\/?attachment_id=5370\" rel=\"lightbox[4835]\">Ergebnisliste <\/a><a href=\"http:\/\/www.chiller.at\/wordpress\/wp-content\/uploads\/2012\/11\/urkunde.jpg\"><img data-attachment-id=\"5372\" data-permalink=\"http:\/\/www.chiller.at\/?attachment_id=5372\" data-orig-file=\"http:\/\/www.chiller.at\/wordpress\/wp-content\/uploads\/2012\/11\/urkunde.jpg\" data-orig-size=\"515,700\" data-comments-opened=\"1\" data-image-meta=\"{&quot;aperture&quot;:&quot;0&quot;,&quot;credit&quot;:&quot;Flo&quot;,&quot;camera&quot;:&quot;&quot;,&quot;caption&quot;:&quot;&quot;,&quot;created_timestamp&quot;:&quot;0&quot;,&quot;copyright&quot;:&quot;&quot;,&quot;focal_length&quot;:&quot;0&quot;,&quot;iso&quot;:&quot;0&quot;,&quot;shutter_speed&quot;:&quot;0&quot;,&quot;title&quot;:&quot;&quot;}\" data-image-title=\"Urkunde\" data-image-description=\"\" data-medium-file=\"http:\/\/www.chiller.at\/wordpress\/wp-content\/uploads\/2012\/11\/urkunde-220x300.jpg\" data-large-file=\"http:\/\/www.chiller.at\/wordpress\/wp-content\/uploads\/2012\/11\/urkunde.jpg\" loading=\"lazy\" class=\"aligncenter size-medium wp-image-5372\" alt=\"Urkunde\" src=\"http:\/\/www.chiller.at\/wordpress\/wp-content\/uploads\/2012\/11\/urkunde-220x300.jpg\" width=\"220\" height=\"300\" srcset=\"http:\/\/www.chiller.at\/wordpress\/wp-content\/uploads\/2012\/11\/urkunde-220x300.jpg 220w, http:\/\/www.chiller.at\/wordpress\/wp-content\/uploads\/2012\/11\/urkunde.jpg 515w\" sizes=\"(max-width: 220px) 100vw, 220px\" \/><\/a><\/p>\n","protected":false},"excerpt":{"rendered":"<p>Gerade erreichte mich folgende Mail: (ohne weitere Worte :)) Einladung zur Siegerehrung Liebes &#8222;Flo und Nati Baci&#8220; Team, wir freuen uns, Ihnen mitteilen zu k\u00f6nnen, dass eine unabh\u00e4ngige Fachjury Sie unter die Besten Ihrer Kategorie gereiht hat und d\u00fcrfen Sie hiermit herzlichst zur Siegerehrung des 9. Wiener Fotomarathons einladen. Ergebnisliste<\/p>\n","protected":false},"author":1,"featured_media":0,"comment_status":"open","ping_status":"open","sticky":false,"template":"","format":"standard","meta":{"spay_email":"","jetpack_publicize_message":"","jetpack_is_tweetstorm":false},"categories":[295,284],"tags":[119,118],"jetpack_featured_media_url":"","jetpack_publicize_connections":[],"jetpack_sharing_enabled":true,"jetpack_shortlink":"https:\/\/wp.me\/p20QI6-1nv","jetpack_likes_enabled":true,"_links":{"self":[{"href":"http:\/\/www.chiller.at\/index.php?rest_route=\/wp\/v2\/posts\/5301"}],"collection":[{"href":"http:\/\/www.chiller.at\/index.php?rest_route=\/wp\/v2\/posts"}],"about":[{"href":"http:\/\/www.chiller.at\/index.php?rest_route=\/wp\/v2\/types\/post"}],"author":[{"embeddable":true,"href":"http:\/\/www.chiller.at\/index.php?rest_route=\/wp\/v2\/users\/1"}],"replies":[{"embeddable":true,"href":"http:\/\/www.chiller.at\/index.php?rest_route=%2Fwp%2Fv2%2Fcomments&post=5301"}],"version-history":[{"count":0,"href":"http:\/\/www.chiller.at\/index.php?rest_route=\/wp\/v2\/posts\/5301\/revisions"}],"wp:attachment":[{"href":"http:\/\/www.chiller.at\/index.php?rest_route=%2Fwp%2Fv2%2Fmedia&parent=5301"}],"wp:term":[{"taxonomy":"category","embeddable":true,"href":"http:\/\/www.chiller.at\/index.php?rest_route=%2Fwp%2Fv2%2Fcategories&post=5301"},{"taxonomy":"post_tag","embeddable":true,"href":"http:\/\/www.chiller.at\/index.php?rest_route=%2Fwp%2Fv2%2Ftags&post=5301"}],"curies":[{"name":"wp","href":"https:\/\/api.w.org\/{rel}","templated":true}]}}