{"id":5077,"date":"2012-12-09T23:45:14","date_gmt":"2012-12-09T22:45:14","guid":{"rendered":"http:\/\/www.chiller.at\/?p=5077"},"modified":"2012-12-10T09:38:41","modified_gmt":"2012-12-10T08:38:41","slug":"2012-08-petersburg-woche-3-best-of","status":"publish","type":"post","link":"http:\/\/www.chiller.at\/?p=5077","title":{"rendered":"2012 08 \u2013 Petersburg \u2013 Woche 3, best of\u2026"},"content":{"rendered":"<p><strong>Die dritte und letzte Woche ist wirklich schnell vergangen. Es war gleichzeitig ein kurzer Trip und kam mir so vor als w\u00e4re ich mehrere Monate mit meinen Kolleginnen und Kollegen zusammen gewesen&#8230;<\/strong><\/p>\n<p>Von offizieller Seite besuchten wir das <a title=\"Blockade Museum\" href=\"http:\/\/www.saint-petersburg.com\/museums\/museum-defense-siege-leningrad.asp\" target=\"_blank\">Blockade Museum<\/a>, ein interessanter und zugleich trauriger Ort und hatten au\u00dferdem Kontakt mit der russischen Seele (laut einer Einheimischen, die sich furchtbar dar\u00fcber beschwert hat). Wir wollten mit dem Schiff nach <a title=\"Wikipedia - Kronstadt\" href=\"http:\/\/de.wikipedia.org\/wiki\/Kronstadt_%28Russland%29\" target=\"_blank\">\u041a\u0440\u043e\u043d\u0448\u0442\u0430\u0434\u0442<\/a> (Kronstadt) fahren, es passten aber nicht alle ins Boot. Man durfte Meisterinnen und Meister des Vordr\u00e4ngens bei der Arbeit erleben und dann wurde mit &#8222;Wir sind zwar schon voll aber wer noch rein will und einen Stehplatz in Kauf nimmt, der zahlt nur die H\u00e4lfte&#8220; noch einiges an Geld herausgeholt.<br \/>\nInsgesamt war unser Aufenthalt dort leider sehr kurz (wir sind schlie\u00dflich mit dem Bus gefahren und haben dadurch viel Zeit verloren) und ich hatte das Gef\u00fchl, dass ich das Inselchen gerne genauer unter die Lupe nehmen w\u00fcrde. Zum Schluss besuchten wir noch die Einweihungmesse der Kathedrale, wo sich Unmengen an Touristen tummelten und ein &#8222;Bischof&#8220; (das orthodoxe \u00c4quivalent) mit mieser Laune den Weihrauch schwang. Bei der R\u00fcckfahrt mit dem Schiff (diesmal waren wir schnell genug!) stellte sich heraus, dass\u00a0 ein \u0410\u043a\u0432\u0430\u0431\u0443\u0441 (Aquabus &#8211; eines der Schiffe) kaputt ist und deswegen nur halb so viele Leute mitfahren konnten und die Fahrt zweieinhalb Stunden in Anspruch nahm. Nicht zu vergessen das unser Kapit\u00e4n zu tief in die Flasche geschaut hat und wir beinahe mit einem Tanker (oder etwas \u00e4hnlichem) und einem Bauschiff zusammengekracht w\u00e4ren. Die ewige Versp\u00e4tung hatte zumindest das Gute, dass ich den Sonnenuntergang vom Schiff aus genie\u00dfen konnte!<\/p>\n<p><strong>Kulinarisches<\/strong><\/p>\n<p>Die letzte Woche bot auch einiges an frischen Entdeckungen, als ich wieder mal mit verschiedenen Cliquen unterwegs war. Zum einen habe ich dadurch eine recht gute Pizzeria (<a title=\"Pizzeria Ollis\" href=\"http:\/\/www.ollis.ru\/index.php?rest\" target=\"_blank\">Ollis<\/a>) entdeckt. Zum anderen war ich in einem spannenden Kunstcafe (<a title=\"Loft Etagy\" href=\"http:\/\/www.loftprojectetagi.ru\/guide\/greenroom\/\" target=\"_blank\">\u044d\u0442\u0430\u0436\u0438<\/a>) mit Terrasse. (Wo uns Tauben die Laune vermiesten und wir deshalb hinein fl\u00fcchteten.) Shawarma stand ebenfalls auf der Speisekarte und durch viel frischen Zwiebel hatte ich auch l\u00e4nger was davon, lecker war&#8217;s trotzdem. Unser Abschiedsabend fand beim Aserbaidschaner statt, wo wir gemeinsam gesungen haben, tanzten und Spa\u00df hatten. Was den Abschied am n\u00e4chsten Tag umso schwerer machte&#8230; \ud83d\ude41<\/p>\n<p><strong>Kunst<\/strong><\/p>\n<p>St\u00e4ndig umgeben von Leuten die malten, zeichneten,&#8230; \u00fcberkam es mich einmal und ich z\u00fcckte im \u0442\u0430\u0432\u0440\u0438\u0447\u0435\u0441\u043a\u0438\u0439 \u0441\u0430\u0434 (Taurischer Garten) meinen karierten Block und einen Kuli &#8211; nicht das ideale Equipment aber manchmal muss man nehmen was man hat. Hier konnte ich der k\u00fcnstlerischen Luft dann nicht mehr widerstehen und es war eine spannende und entspannende Sache. Vielleicht poste ich sp\u00e4ter was ich geschaffen habe&#8230;<br \/>\nDas russische Museum hat es mir wie in <a title=\"2009 \u2013 Odessa \u2013 erster Russischkontakt im Ausland\" href=\"http:\/\/www.chiller.at\/?p=165\">Odessa<\/a> auch schon sehr angetan, dagegen hatte die Ermitage einfach keine Chance!<\/p>\n<p><strong>Spazierg\u00e4nge, Aktivit\u00e4ten und Kreislaufkollaps<\/strong><\/p>\n<p>Nach dem Blockade Museum schlenderten wir zum Smolniy Kloster (wo ich zwischendurch mein Kunstwerk erstellte), hatten an einem anderen Tag das Nachmittagsprogramm mit Bowling ausgef\u00fcllt &#8211; Ich war leider ziemlich zerst\u00f6rt an diesem Tag, da ich ein paar Tage zuvor beim Laufen nicht auf meinen K\u00f6rper geachtet hatte und einen Kreislaufkollaps mit vielen Stunden mit W\u00e4rmeflasche und Tee im Bett verbrachte. &#8211; und gegen Ende der Woche erkundete ich alleine (alle Anderen waren B\u00fccher, etc. einkaufen) noch das Univiertel auf der \u0421\u0442\u0440\u0435\u043b\u043a\u0430 (&#8222;Spitze&#8220;).<\/p>\n<p><strong>Viele nette und interessante Bekanntschaften<\/strong><\/p>\n<p>Leider ist der Kontakt mit den Russinnen sehr rar, da wir alle viel zu tun haben und au\u00dferdem noch die Zeitverschiebung hinzukommt. Ich bem\u00fche mich allerdings immer wieder mal mit ihnen zu schreiben. Leichter ist es nat\u00fcrlich f\u00fcr uns in \u00d6sterreich, wir sind ja wirklich ein kleines Land. \ud83d\ude09 So trafen wir uns k\u00fcrzlich, weil russischer Besuch da war (ein paar Russinnen studieren in Deutschland) oder ich habe den <a title=\"2012 0929 \u2013 Wiener Fotomarathon \u2013 Die Wettbewerbsbilder\" href=\"http:\/\/www.chiller.at\/?p=4858\">Fotomarathon<\/a> gemeinsam mit einer motivierten Freundin bestritten. Auch einen Physiker durfte ich kennenlernen und habe ihn nat\u00fcrlich gleich \u00fcber seinen Werdegang ausgefragt&#8230;<\/p>\n<p><strong>Alles in allem eine super Zeit<\/strong><\/p>\n<p>Ich m\u00f6chte mich gerne bei der Organisatorin bedanken, die das Ganze wirklich toll hinbekommen und uns einen unvergesslichen Aufenthalt erm\u00f6glicht hat. Ich vermisse alle Kolleginnen und Kollegen, wenn es auch nur drei Wochen waren, so waren wir st\u00e4ndig zusammen und konnten uns so kennenlernen, dass ich das Gef\u00fchl hatte, dass wir uns bereits mehrere Monate kennen&#8230;<\/p>\n<p>PS: Der Text ist vielleicht nicht sehr gelungen, ich hatte ziemlich starke Kopfschmerzen, wollte euch aber nicht im Stich lassen!<\/p>\n<div data-carousel-extra='{\"blog_id\":1,\"permalink\":\"http:\\\/\\\/www.chiller.at\\\/?p=5077\"}' id='gallery-1' class='gallery galleryid-5077 gallery-columns-4 gallery-size-thumbnail'><figure class='gallery-item'>\n\t\t\t<div class='gallery-icon landscape'>\n\t\t\t\t<a href='http:\/\/www.chiller.at\/wordpress\/wp-content\/uploads\/2012\/10\/SPb-2012-W3-0179.jpg'><img width=\"150\" height=\"150\" src=\"http:\/\/www.chiller.at\/wordpress\/wp-content\/uploads\/2012\/10\/SPb-2012-W3-0179-150x150.jpg\" class=\"attachment-thumbnail size-thumbnail\" alt=\"\" loading=\"lazy\" data-attachment-id=\"5229\" data-permalink=\"http:\/\/www.chiller.at\/?attachment_id=5229\" data-orig-file=\"http:\/\/www.chiller.at\/wordpress\/wp-content\/uploads\/2012\/10\/SPb-2012-W3-0179.jpg\" data-orig-size=\"700,317\" data-comments-opened=\"1\" data-image-meta=\"{&quot;aperture&quot;:&quot;2.8&quot;,&quot;credit&quot;:&quot;Florian Schilling&quot;,&quot;camera&quot;:&quot;Canon EOS 40D&quot;,&quot;caption&quot;:&quot;&quot;,&quot;created_timestamp&quot;:&quot;1345324973&quot;,&quot;copyright&quot;:&quot;\\u00c2\\u00a9 Florian Schilling&quot;,&quot;focal_length&quot;:&quot;17&quot;,&quot;iso&quot;:&quot;800&quot;,&quot;shutter_speed&quot;:&quot;0.016666666666667&quot;,&quot;title&quot;:&quot;&quot;}\" data-image-title=\"Unsere U-Bahnstation (Gorkowskaya)\" data-image-description=\"\" data-medium-file=\"http:\/\/www.chiller.at\/wordpress\/wp-content\/uploads\/2012\/10\/SPb-2012-W3-0179-300x135.jpg\" data-large-file=\"http:\/\/www.chiller.at\/wordpress\/wp-content\/uploads\/2012\/10\/SPb-2012-W3-0179.jpg\" \/><\/a>\n\t\t\t<\/div><\/figure><figure class='gallery-item'>\n\t\t\t<div class='gallery-icon landscape'>\n\t\t\t\t<a href='http:\/\/www.chiller.at\/wordpress\/wp-content\/uploads\/2012\/10\/SPb-2012-W3-Pano-0101.jpg'><img width=\"150\" height=\"150\" src=\"http:\/\/www.chiller.at\/wordpress\/wp-content\/uploads\/2012\/10\/SPb-2012-W3-Pano-0101-150x150.jpg\" class=\"attachment-thumbnail size-thumbnail\" alt=\"\" loading=\"lazy\" data-attachment-id=\"5213\" data-permalink=\"http:\/\/www.chiller.at\/?attachment_id=5213\" data-orig-file=\"http:\/\/www.chiller.at\/wordpress\/wp-content\/uploads\/2012\/10\/SPb-2012-W3-Pano-0101.jpg\" data-orig-size=\"2165,480\" data-comments-opened=\"1\" data-image-meta=\"{&quot;aperture&quot;:&quot;5.6&quot;,&quot;credit&quot;:&quot;Florian Schilling&quot;,&quot;camera&quot;:&quot;Canon EOS 40D&quot;,&quot;caption&quot;:&quot;&quot;,&quot;created_timestamp&quot;:&quot;1345312793&quot;,&quot;copyright&quot;:&quot;\\u00c2\\u00a9 Florian Schilling&quot;,&quot;focal_length&quot;:&quot;33&quot;,&quot;iso&quot;:&quot;100&quot;,&quot;shutter_speed&quot;:&quot;0.002&quot;,&quot;title&quot;:&quot;&quot;}\" data-image-title=\"Richtung Sankt Petersburg\" data-image-description=\"\" data-medium-file=\"http:\/\/www.chiller.at\/wordpress\/wp-content\/uploads\/2012\/10\/SPb-2012-W3-Pano-0101-300x66.jpg\" data-large-file=\"http:\/\/www.chiller.at\/wordpress\/wp-content\/uploads\/2012\/10\/SPb-2012-W3-Pano-0101-800x177.jpg\" \/><\/a>\n\t\t\t<\/div><\/figure><figure class='gallery-item'>\n\t\t\t<div class='gallery-icon landscape'>\n\t\t\t\t<a href='http:\/\/www.chiller.at\/wordpress\/wp-content\/uploads\/2012\/10\/SPb-2012-W3-9838.jpg'><img width=\"150\" height=\"150\" src=\"http:\/\/www.chiller.at\/wordpress\/wp-content\/uploads\/2012\/10\/SPb-2012-W3-9838-150x150.jpg\" class=\"attachment-thumbnail size-thumbnail\" alt=\"\" loading=\"lazy\" data-attachment-id=\"5245\" data-permalink=\"http:\/\/www.chiller.at\/?attachment_id=5245\" data-orig-file=\"http:\/\/www.chiller.at\/wordpress\/wp-content\/uploads\/2012\/10\/SPb-2012-W3-9838.jpg\" data-orig-size=\"700,475\" data-comments-opened=\"1\" data-image-meta=\"{&quot;aperture&quot;:&quot;7.1&quot;,&quot;credit&quot;:&quot;Florian Schilling&quot;,&quot;camera&quot;:&quot;Canon EOS 40D&quot;,&quot;caption&quot;:&quot;&quot;,&quot;created_timestamp&quot;:&quot;1344954109&quot;,&quot;copyright&quot;:&quot;\\u00c2\\u00a9 Florian Schilling&quot;,&quot;focal_length&quot;:&quot;43&quot;,&quot;iso&quot;:&quot;100&quot;,&quot;shutter_speed&quot;:&quot;0.0015625&quot;,&quot;title&quot;:&quot;&quot;}\" data-image-title=\"Stadtbild\" data-image-description=\"\" data-medium-file=\"http:\/\/www.chiller.at\/wordpress\/wp-content\/uploads\/2012\/10\/SPb-2012-W3-9838-300x203.jpg\" data-large-file=\"http:\/\/www.chiller.at\/wordpress\/wp-content\/uploads\/2012\/10\/SPb-2012-W3-9838.jpg\" \/><\/a>\n\t\t\t<\/div><\/figure><figure class='gallery-item'>\n\t\t\t<div class='gallery-icon portrait'>\n\t\t\t\t<a href='http:\/\/www.chiller.at\/wordpress\/wp-content\/uploads\/2012\/10\/SPb-2012-W3-9807.jpg'><img width=\"150\" height=\"150\" src=\"http:\/\/www.chiller.at\/wordpress\/wp-content\/uploads\/2012\/10\/SPb-2012-W3-9807-150x150.jpg\" class=\"attachment-thumbnail size-thumbnail\" alt=\"\" loading=\"lazy\" data-attachment-id=\"5238\" data-permalink=\"http:\/\/www.chiller.at\/?attachment_id=5238\" data-orig-file=\"http:\/\/www.chiller.at\/wordpress\/wp-content\/uploads\/2012\/10\/SPb-2012-W3-9807.jpg\" data-orig-size=\"477,700\" data-comments-opened=\"1\" data-image-meta=\"{&quot;aperture&quot;:&quot;1.8&quot;,&quot;credit&quot;:&quot;Florian Schilling&quot;,&quot;camera&quot;:&quot;Canon EOS 40D&quot;,&quot;caption&quot;:&quot;&quot;,&quot;created_timestamp&quot;:&quot;1344949604&quot;,&quot;copyright&quot;:&quot;\\u00c2\\u00a9 Florian Schilling&quot;,&quot;focal_length&quot;:&quot;50&quot;,&quot;iso&quot;:&quot;1000&quot;,&quot;shutter_speed&quot;:&quot;0.01&quot;,&quot;title&quot;:&quot;&quot;}\" data-image-title=\"Sei bereit!\" data-image-description=\"\" data-medium-file=\"http:\/\/www.chiller.at\/wordpress\/wp-content\/uploads\/2012\/10\/SPb-2012-W3-9807-204x300.jpg\" data-large-file=\"http:\/\/www.chiller.at\/wordpress\/wp-content\/uploads\/2012\/10\/SPb-2012-W3-9807.jpg\" \/><\/a>\n\t\t\t<\/div><\/figure><figure class='gallery-item'>\n\t\t\t<div class='gallery-icon portrait'>\n\t\t\t\t<a href='http:\/\/www.chiller.at\/wordpress\/wp-content\/uploads\/2012\/10\/SPb-2012-W3-9954.jpg'><img width=\"150\" height=\"150\" src=\"http:\/\/www.chiller.at\/wordpress\/wp-content\/uploads\/2012\/10\/SPb-2012-W3-9954-150x150.jpg\" class=\"attachment-thumbnail size-thumbnail\" alt=\"\" loading=\"lazy\" data-attachment-id=\"5269\" data-permalink=\"http:\/\/www.chiller.at\/?attachment_id=5269\" data-orig-file=\"http:\/\/www.chiller.at\/wordpress\/wp-content\/uploads\/2012\/10\/SPb-2012-W3-9954.jpg\" data-orig-size=\"554,700\" data-comments-opened=\"1\" data-image-meta=\"{&quot;aperture&quot;:&quot;5.6&quot;,&quot;credit&quot;:&quot;Florian Schilling&quot;,&quot;camera&quot;:&quot;Canon EOS 40D&quot;,&quot;caption&quot;:&quot;&quot;,&quot;created_timestamp&quot;:&quot;1345207247&quot;,&quot;copyright&quot;:&quot;\\u00c2\\u00a9 Florian Schilling&quot;,&quot;focal_length&quot;:&quot;33&quot;,&quot;iso&quot;:&quot;100&quot;,&quot;shutter_speed&quot;:&quot;0.005&quot;,&quot;title&quot;:&quot;&quot;}\" data-image-title=\"Sch\u00f6n bewachsene Fassade\" data-image-description=\"\" data-medium-file=\"http:\/\/www.chiller.at\/wordpress\/wp-content\/uploads\/2012\/10\/SPb-2012-W3-9954-237x300.jpg\" data-large-file=\"http:\/\/www.chiller.at\/wordpress\/wp-content\/uploads\/2012\/10\/SPb-2012-W3-9954.jpg\" \/><\/a>\n\t\t\t<\/div><\/figure><figure class='gallery-item'>\n\t\t\t<div class='gallery-icon landscape'>\n\t\t\t\t<a href='http:\/\/www.chiller.at\/wordpress\/wp-content\/uploads\/2012\/10\/SPb-2012-W3-9922.jpg'><img width=\"150\" height=\"150\" src=\"http:\/\/www.chiller.at\/wordpress\/wp-content\/uploads\/2012\/10\/SPb-2012-W3-9922-150x150.jpg\" class=\"attachment-thumbnail size-thumbnail\" alt=\"\" loading=\"lazy\" data-attachment-id=\"5264\" data-permalink=\"http:\/\/www.chiller.at\/?attachment_id=5264\" data-orig-file=\"http:\/\/www.chiller.at\/wordpress\/wp-content\/uploads\/2012\/10\/SPb-2012-W3-9922.jpg\" data-orig-size=\"700,467\" data-comments-opened=\"1\" data-image-meta=\"{&quot;aperture&quot;:&quot;7.1&quot;,&quot;credit&quot;:&quot;Florian Schilling&quot;,&quot;camera&quot;:&quot;Canon EOS 40D&quot;,&quot;caption&quot;:&quot;&quot;,&quot;created_timestamp&quot;:&quot;1345127308&quot;,&quot;copyright&quot;:&quot;\\u00c2\\u00a9 Florian Schilling&quot;,&quot;focal_length&quot;:&quot;10&quot;,&quot;iso&quot;:&quot;400&quot;,&quot;shutter_speed&quot;:&quot;0.00625&quot;,&quot;title&quot;:&quot;&quot;}\" data-image-title=\"Arkaden der Unibibliothek\" data-image-description=\"\" data-medium-file=\"http:\/\/www.chiller.at\/wordpress\/wp-content\/uploads\/2012\/10\/SPb-2012-W3-9922-300x200.jpg\" data-large-file=\"http:\/\/www.chiller.at\/wordpress\/wp-content\/uploads\/2012\/10\/SPb-2012-W3-9922.jpg\" \/><\/a>\n\t\t\t<\/div><\/figure><figure class='gallery-item'>\n\t\t\t<div class='gallery-icon landscape'>\n\t\t\t\t<a href='http:\/\/www.chiller.at\/wordpress\/wp-content\/uploads\/2012\/10\/SPb-2012-W3-9899.jpg'><img width=\"150\" height=\"150\" src=\"http:\/\/www.chiller.at\/wordpress\/wp-content\/uploads\/2012\/10\/SPb-2012-W3-9899-150x150.jpg\" class=\"attachment-thumbnail size-thumbnail\" alt=\"\" loading=\"lazy\" data-attachment-id=\"5257\" data-permalink=\"http:\/\/www.chiller.at\/?attachment_id=5257\" data-orig-file=\"http:\/\/www.chiller.at\/wordpress\/wp-content\/uploads\/2012\/10\/SPb-2012-W3-9899.jpg\" data-orig-size=\"700,487\" data-comments-opened=\"1\" data-image-meta=\"{&quot;aperture&quot;:&quot;5&quot;,&quot;credit&quot;:&quot;Florian Schilling&quot;,&quot;camera&quot;:&quot;Canon EOS 40D&quot;,&quot;caption&quot;:&quot;&quot;,&quot;created_timestamp&quot;:&quot;1345118637&quot;,&quot;copyright&quot;:&quot;\\u00c2\\u00a9 Florian Schilling&quot;,&quot;focal_length&quot;:&quot;10&quot;,&quot;iso&quot;:&quot;1600&quot;,&quot;shutter_speed&quot;:&quot;0.01&quot;,&quot;title&quot;:&quot;&quot;}\" data-image-title=\"Referat\" data-image-description=\"\" data-medium-file=\"http:\/\/www.chiller.at\/wordpress\/wp-content\/uploads\/2012\/10\/SPb-2012-W3-9899-300x208.jpg\" data-large-file=\"http:\/\/www.chiller.at\/wordpress\/wp-content\/uploads\/2012\/10\/SPb-2012-W3-9899.jpg\" \/><\/a>\n\t\t\t<\/div><\/figure><figure class='gallery-item'>\n\t\t\t<div class='gallery-icon portrait'>\n\t\t\t\t<a href='http:\/\/www.chiller.at\/wordpress\/wp-content\/uploads\/2012\/10\/SPb-2012-W3-9872.jpg'><img width=\"150\" height=\"150\" src=\"http:\/\/www.chiller.at\/wordpress\/wp-content\/uploads\/2012\/10\/SPb-2012-W3-9872-150x150.jpg\" class=\"attachment-thumbnail size-thumbnail\" alt=\"\" loading=\"lazy\" data-attachment-id=\"5249\" data-permalink=\"http:\/\/www.chiller.at\/?attachment_id=5249\" data-orig-file=\"http:\/\/www.chiller.at\/wordpress\/wp-content\/uploads\/2012\/10\/SPb-2012-W3-9872.jpg\" data-orig-size=\"573,700\" data-comments-opened=\"1\" data-image-meta=\"{&quot;aperture&quot;:&quot;2.8&quot;,&quot;credit&quot;:&quot;Florian Schilling&quot;,&quot;camera&quot;:&quot;Canon EOS 40D&quot;,&quot;caption&quot;:&quot;&quot;,&quot;created_timestamp&quot;:&quot;1344957771&quot;,&quot;copyright&quot;:&quot;\\u00c2\\u00a9 Florian Schilling&quot;,&quot;focal_length&quot;:&quot;50&quot;,&quot;iso&quot;:&quot;100&quot;,&quot;shutter_speed&quot;:&quot;0.00125&quot;,&quot;title&quot;:&quot;&quot;}\" data-image-title=\"Klassisches Schl\u00f6sschen\" data-image-description=\"\" data-medium-file=\"http:\/\/www.chiller.at\/wordpress\/wp-content\/uploads\/2012\/10\/SPb-2012-W3-9872-245x300.jpg\" data-large-file=\"http:\/\/www.chiller.at\/wordpress\/wp-content\/uploads\/2012\/10\/SPb-2012-W3-9872.jpg\" \/><\/a>\n\t\t\t<\/div><\/figure><figure class='gallery-item'>\n\t\t\t<div class='gallery-icon landscape'>\n\t\t\t\t<a href='http:\/\/www.chiller.at\/wordpress\/wp-content\/uploads\/2012\/10\/SPb-2012-W3-9802.jpg'><img width=\"150\" height=\"150\" src=\"http:\/\/www.chiller.at\/wordpress\/wp-content\/uploads\/2012\/10\/SPb-2012-W3-9802-150x150.jpg\" class=\"attachment-thumbnail size-thumbnail\" alt=\"\" loading=\"lazy\" data-attachment-id=\"5236\" data-permalink=\"http:\/\/www.chiller.at\/?attachment_id=5236\" data-orig-file=\"http:\/\/www.chiller.at\/wordpress\/wp-content\/uploads\/2012\/10\/SPb-2012-W3-9802.jpg\" data-orig-size=\"700,520\" data-comments-opened=\"1\" data-image-meta=\"{&quot;aperture&quot;:&quot;1.8&quot;,&quot;credit&quot;:&quot;Florian Schilling&quot;,&quot;camera&quot;:&quot;Canon EOS 40D&quot;,&quot;caption&quot;:&quot;&quot;,&quot;created_timestamp&quot;:&quot;1344949209&quot;,&quot;copyright&quot;:&quot;\\u00c2\\u00a9 Florian Schilling&quot;,&quot;focal_length&quot;:&quot;50&quot;,&quot;iso&quot;:&quot;1600&quot;,&quot;shutter_speed&quot;:&quot;0.01&quot;,&quot;title&quot;:&quot;&quot;}\" data-image-title=\"Stacheldraht\" data-image-description=\"\" data-medium-file=\"http:\/\/www.chiller.at\/wordpress\/wp-content\/uploads\/2012\/10\/SPb-2012-W3-9802-300x222.jpg\" data-large-file=\"http:\/\/www.chiller.at\/wordpress\/wp-content\/uploads\/2012\/10\/SPb-2012-W3-9802.jpg\" \/><\/a>\n\t\t\t<\/div><\/figure><figure class='gallery-item'>\n\t\t\t<div class='gallery-icon landscape'>\n\t\t\t\t<a href='http:\/\/www.chiller.at\/wordpress\/wp-content\/uploads\/2012\/10\/SPb-2012-W3-9891.jpg'><img width=\"150\" height=\"150\" src=\"http:\/\/www.chiller.at\/wordpress\/wp-content\/uploads\/2012\/10\/SPb-2012-W3-9891-150x150.jpg\" class=\"attachment-thumbnail size-thumbnail\" alt=\"\" loading=\"lazy\" data-attachment-id=\"5253\" data-permalink=\"http:\/\/www.chiller.at\/?attachment_id=5253\" data-orig-file=\"http:\/\/www.chiller.at\/wordpress\/wp-content\/uploads\/2012\/10\/SPb-2012-W3-9891.jpg\" data-orig-size=\"700,356\" data-comments-opened=\"1\" data-image-meta=\"{&quot;aperture&quot;:&quot;9&quot;,&quot;credit&quot;:&quot;Florian Schilling&quot;,&quot;camera&quot;:&quot;Canon EOS 40D&quot;,&quot;caption&quot;:&quot;&quot;,&quot;created_timestamp&quot;:&quot;1344960189&quot;,&quot;copyright&quot;:&quot;\\u00c2\\u00a9 Florian Schilling&quot;,&quot;focal_length&quot;:&quot;10&quot;,&quot;iso&quot;:&quot;100&quot;,&quot;shutter_speed&quot;:&quot;0.002&quot;,&quot;title&quot;:&quot;&quot;}\" data-image-title=\"Smolniy Kloster\" data-image-description=\"\" data-medium-file=\"http:\/\/www.chiller.at\/wordpress\/wp-content\/uploads\/2012\/10\/SPb-2012-W3-9891-300x152.jpg\" data-large-file=\"http:\/\/www.chiller.at\/wordpress\/wp-content\/uploads\/2012\/10\/SPb-2012-W3-9891.jpg\" \/><\/a>\n\t\t\t<\/div><\/figure><figure class='gallery-item'>\n\t\t\t<div class='gallery-icon landscape'>\n\t\t\t\t<a href='http:\/\/www.chiller.at\/wordpress\/wp-content\/uploads\/2012\/10\/SPb-2012-W3-9854.jpg'><img width=\"150\" height=\"150\" src=\"http:\/\/www.chiller.at\/wordpress\/wp-content\/uploads\/2012\/10\/SPb-2012-W3-9854-150x150.jpg\" class=\"attachment-thumbnail size-thumbnail\" alt=\"\" loading=\"lazy\" data-attachment-id=\"5248\" data-permalink=\"http:\/\/www.chiller.at\/?attachment_id=5248\" data-orig-file=\"http:\/\/www.chiller.at\/wordpress\/wp-content\/uploads\/2012\/10\/SPb-2012-W3-9854.jpg\" data-orig-size=\"700,493\" data-comments-opened=\"1\" data-image-meta=\"{&quot;aperture&quot;:&quot;8&quot;,&quot;credit&quot;:&quot;Florian Schilling&quot;,&quot;camera&quot;:&quot;Canon EOS 40D&quot;,&quot;caption&quot;:&quot;&quot;,&quot;created_timestamp&quot;:&quot;1344955519&quot;,&quot;copyright&quot;:&quot;\\u00c2\\u00a9 Florian Schilling&quot;,&quot;focal_length&quot;:&quot;22&quot;,&quot;iso&quot;:&quot;100&quot;,&quot;shutter_speed&quot;:&quot;0.005&quot;,&quot;title&quot;:&quot;&quot;}\" data-image-title=\"Chillen im Taurischen Park\" data-image-description=\"\" data-medium-file=\"http:\/\/www.chiller.at\/wordpress\/wp-content\/uploads\/2012\/10\/SPb-2012-W3-9854-300x211.jpg\" data-large-file=\"http:\/\/www.chiller.at\/wordpress\/wp-content\/uploads\/2012\/10\/SPb-2012-W3-9854.jpg\" \/><\/a>\n\t\t\t<\/div><\/figure><figure class='gallery-item'>\n\t\t\t<div class='gallery-icon portrait'>\n\t\t\t\t<a href='http:\/\/www.chiller.at\/wordpress\/wp-content\/uploads\/2012\/10\/SPb-2012-W3-9813.jpg'><img width=\"150\" height=\"150\" src=\"http:\/\/www.chiller.at\/wordpress\/wp-content\/uploads\/2012\/10\/SPb-2012-W3-9813-150x150.jpg\" class=\"attachment-thumbnail size-thumbnail\" alt=\"\" loading=\"lazy\" data-attachment-id=\"5239\" data-permalink=\"http:\/\/www.chiller.at\/?attachment_id=5239\" data-orig-file=\"http:\/\/www.chiller.at\/wordpress\/wp-content\/uploads\/2012\/10\/SPb-2012-W3-9813.jpg\" data-orig-size=\"602,700\" data-comments-opened=\"1\" data-image-meta=\"{&quot;aperture&quot;:&quot;1.8&quot;,&quot;credit&quot;:&quot;Florian Schilling&quot;,&quot;camera&quot;:&quot;Canon EOS 40D&quot;,&quot;caption&quot;:&quot;&quot;,&quot;created_timestamp&quot;:&quot;1344949995&quot;,&quot;copyright&quot;:&quot;\\u00c2\\u00a9 Florian Schilling&quot;,&quot;focal_length&quot;:&quot;50&quot;,&quot;iso&quot;:&quot;200&quot;,&quot;shutter_speed&quot;:&quot;0.01&quot;,&quot;title&quot;:&quot;&quot;}\" data-image-title=\"Stirb Kinderm\u00f6rder!\" data-image-description=\"\" data-medium-file=\"http:\/\/www.chiller.at\/wordpress\/wp-content\/uploads\/2012\/10\/SPb-2012-W3-9813-258x300.jpg\" data-large-file=\"http:\/\/www.chiller.at\/wordpress\/wp-content\/uploads\/2012\/10\/SPb-2012-W3-9813.jpg\" \/><\/a>\n\t\t\t<\/div><\/figure><figure class='gallery-item'>\n\t\t\t<div class='gallery-icon portrait'>\n\t\t\t\t<a href='http:\/\/www.chiller.at\/wordpress\/wp-content\/uploads\/2012\/10\/SPb-2012-W3-0104-2.jpg'><img width=\"150\" height=\"150\" src=\"http:\/\/www.chiller.at\/wordpress\/wp-content\/uploads\/2012\/10\/SPb-2012-W3-0104-2-150x150.jpg\" class=\"attachment-thumbnail size-thumbnail\" alt=\"\" loading=\"lazy\" data-attachment-id=\"5224\" data-permalink=\"http:\/\/www.chiller.at\/?attachment_id=5224\" data-orig-file=\"http:\/\/www.chiller.at\/wordpress\/wp-content\/uploads\/2012\/10\/SPb-2012-W3-0104-2.jpg\" data-orig-size=\"572,700\" data-comments-opened=\"1\" data-image-meta=\"{&quot;aperture&quot;:&quot;5.6&quot;,&quot;credit&quot;:&quot;Florian Schilling&quot;,&quot;camera&quot;:&quot;Canon EOS 40D&quot;,&quot;caption&quot;:&quot;&quot;,&quot;created_timestamp&quot;:&quot;1345313018&quot;,&quot;copyright&quot;:&quot;\\u00c2\\u00a9 Florian Schilling&quot;,&quot;focal_length&quot;:&quot;29&quot;,&quot;iso&quot;:&quot;100&quot;,&quot;shutter_speed&quot;:&quot;0.002&quot;,&quot;title&quot;:&quot;&quot;}\" data-image-title=\"Ahoi\" data-image-description=\"\" data-medium-file=\"http:\/\/www.chiller.at\/wordpress\/wp-content\/uploads\/2012\/10\/SPb-2012-W3-0104-2-245x300.jpg\" data-large-file=\"http:\/\/www.chiller.at\/wordpress\/wp-content\/uploads\/2012\/10\/SPb-2012-W3-0104-2.jpg\" \/><\/a>\n\t\t\t<\/div><\/figure><figure class='gallery-item'>\n\t\t\t<div class='gallery-icon landscape'>\n\t\t\t\t<a href='http:\/\/www.chiller.at\/wordpress\/wp-content\/uploads\/2012\/10\/SPb-2012-W3-0169.jpg'><img width=\"150\" height=\"150\" src=\"http:\/\/www.chiller.at\/wordpress\/wp-content\/uploads\/2012\/10\/SPb-2012-W3-0169-150x150.jpg\" class=\"attachment-thumbnail size-thumbnail\" alt=\"\" loading=\"lazy\" data-attachment-id=\"5228\" data-permalink=\"http:\/\/www.chiller.at\/?attachment_id=5228\" data-orig-file=\"http:\/\/www.chiller.at\/wordpress\/wp-content\/uploads\/2012\/10\/SPb-2012-W3-0169.jpg\" data-orig-size=\"700,280\" data-comments-opened=\"1\" data-image-meta=\"{&quot;aperture&quot;:&quot;5.6&quot;,&quot;credit&quot;:&quot;Florian Schilling&quot;,&quot;camera&quot;:&quot;Canon EOS 40D&quot;,&quot;caption&quot;:&quot;&quot;,&quot;created_timestamp&quot;:&quot;1345315909&quot;,&quot;copyright&quot;:&quot;\\u00c2\\u00a9 Florian Schilling&quot;,&quot;focal_length&quot;:&quot;50&quot;,&quot;iso&quot;:&quot;100&quot;,&quot;shutter_speed&quot;:&quot;0.0025&quot;,&quot;title&quot;:&quot;&quot;}\" data-image-title=\"Sankt Petersburg&#8230;\" data-image-description=\"\" data-medium-file=\"http:\/\/www.chiller.at\/wordpress\/wp-content\/uploads\/2012\/10\/SPb-2012-W3-0169-300x120.jpg\" data-large-file=\"http:\/\/www.chiller.at\/wordpress\/wp-content\/uploads\/2012\/10\/SPb-2012-W3-0169.jpg\" \/><\/a>\n\t\t\t<\/div><\/figure><figure class='gallery-item'>\n\t\t\t<div class='gallery-icon landscape'>\n\t\t\t\t<a href='http:\/\/www.chiller.at\/wordpress\/wp-content\/uploads\/2012\/10\/SPb-2012-W3-9843.jpg'><img width=\"150\" height=\"150\" src=\"http:\/\/www.chiller.at\/wordpress\/wp-content\/uploads\/2012\/10\/SPb-2012-W3-9843-150x150.jpg\" class=\"attachment-thumbnail size-thumbnail\" alt=\"\" loading=\"lazy\" data-attachment-id=\"5246\" data-permalink=\"http:\/\/www.chiller.at\/?attachment_id=5246\" data-orig-file=\"http:\/\/www.chiller.at\/wordpress\/wp-content\/uploads\/2012\/10\/SPb-2012-W3-9843.jpg\" data-orig-size=\"700,498\" data-comments-opened=\"1\" data-image-meta=\"{&quot;aperture&quot;:&quot;7.1&quot;,&quot;credit&quot;:&quot;Florian Schilling&quot;,&quot;camera&quot;:&quot;Canon EOS 40D&quot;,&quot;caption&quot;:&quot;&quot;,&quot;created_timestamp&quot;:&quot;1344954904&quot;,&quot;copyright&quot;:&quot;\\u00c2\\u00a9 Florian Schilling&quot;,&quot;focal_length&quot;:&quot;34&quot;,&quot;iso&quot;:&quot;100&quot;,&quot;shutter_speed&quot;:&quot;0.0025&quot;,&quot;title&quot;:&quot;&quot;}\" data-image-title=\"Herbstnachmittag\" data-image-description=\"\" data-medium-file=\"http:\/\/www.chiller.at\/wordpress\/wp-content\/uploads\/2012\/10\/SPb-2012-W3-9843-300x213.jpg\" data-large-file=\"http:\/\/www.chiller.at\/wordpress\/wp-content\/uploads\/2012\/10\/SPb-2012-W3-9843.jpg\" \/><\/a>\n\t\t\t<\/div><\/figure><figure class='gallery-item'>\n\t\t\t<div class='gallery-icon landscape'>\n\t\t\t\t<a href='http:\/\/www.chiller.at\/wordpress\/wp-content\/uploads\/2012\/10\/SPb-2012-W3-9949.jpg'><img width=\"150\" height=\"150\" src=\"http:\/\/www.chiller.at\/wordpress\/wp-content\/uploads\/2012\/10\/SPb-2012-W3-9949-150x150.jpg\" class=\"attachment-thumbnail size-thumbnail\" alt=\"\" loading=\"lazy\" data-attachment-id=\"5268\" data-permalink=\"http:\/\/www.chiller.at\/?attachment_id=5268\" data-orig-file=\"http:\/\/www.chiller.at\/wordpress\/wp-content\/uploads\/2012\/10\/SPb-2012-W3-9949.jpg\" data-orig-size=\"700,350\" data-comments-opened=\"1\" data-image-meta=\"{&quot;aperture&quot;:&quot;2.8&quot;,&quot;credit&quot;:&quot;Florian Schilling&quot;,&quot;camera&quot;:&quot;Canon EOS 40D&quot;,&quot;caption&quot;:&quot;&quot;,&quot;created_timestamp&quot;:&quot;1345193928&quot;,&quot;copyright&quot;:&quot;\\u00c2\\u00a9 Florian Schilling&quot;,&quot;focal_length&quot;:&quot;17&quot;,&quot;iso&quot;:&quot;400&quot;,&quot;shutter_speed&quot;:&quot;0.01&quot;,&quot;title&quot;:&quot;&quot;}\" data-image-title=\"Mein Russischkurs mit unserer Lieblingslehrerin\" data-image-description=\"\" data-medium-file=\"http:\/\/www.chiller.at\/wordpress\/wp-content\/uploads\/2012\/10\/SPb-2012-W3-9949-300x150.jpg\" data-large-file=\"http:\/\/www.chiller.at\/wordpress\/wp-content\/uploads\/2012\/10\/SPb-2012-W3-9949.jpg\" \/><\/a>\n\t\t\t<\/div><\/figure><figure class='gallery-item'>\n\t\t\t<div class='gallery-icon landscape'>\n\t\t\t\t<a href='http:\/\/www.chiller.at\/wordpress\/wp-content\/uploads\/2012\/10\/SPb-2012-W3-0257.jpg'><img width=\"150\" height=\"150\" src=\"http:\/\/www.chiller.at\/wordpress\/wp-content\/uploads\/2012\/10\/SPb-2012-W3-0257-150x150.jpg\" class=\"attachment-thumbnail size-thumbnail\" alt=\"\" loading=\"lazy\" data-attachment-id=\"5235\" data-permalink=\"http:\/\/www.chiller.at\/?attachment_id=5235\" data-orig-file=\"http:\/\/www.chiller.at\/wordpress\/wp-content\/uploads\/2012\/10\/SPb-2012-W3-0257.jpg\" data-orig-size=\"700,467\" data-comments-opened=\"1\" data-image-meta=\"{&quot;aperture&quot;:&quot;7.1&quot;,&quot;credit&quot;:&quot;Florian Schilling&quot;,&quot;camera&quot;:&quot;Canon EOS 40D&quot;,&quot;caption&quot;:&quot;&quot;,&quot;created_timestamp&quot;:&quot;1345543796&quot;,&quot;copyright&quot;:&quot;\\u00c2\\u00a9 Florian Schilling&quot;,&quot;focal_length&quot;:&quot;22&quot;,&quot;iso&quot;:&quot;100&quot;,&quot;shutter_speed&quot;:&quot;0.008&quot;,&quot;title&quot;:&quot;&quot;}\" data-image-title=\"Schmerzlicher Abschied\" data-image-description=\"\" data-medium-file=\"http:\/\/www.chiller.at\/wordpress\/wp-content\/uploads\/2012\/10\/SPb-2012-W3-0257-300x200.jpg\" data-large-file=\"http:\/\/www.chiller.at\/wordpress\/wp-content\/uploads\/2012\/10\/SPb-2012-W3-0257.jpg\" \/><\/a>\n\t\t\t<\/div><\/figure><figure class='gallery-item'>\n\t\t\t<div class='gallery-icon landscape'>\n\t\t\t\t<a href='http:\/\/www.chiller.at\/wordpress\/wp-content\/uploads\/2012\/10\/SPb-2012-W3-9930.jpg'><img width=\"150\" height=\"150\" src=\"http:\/\/www.chiller.at\/wordpress\/wp-content\/uploads\/2012\/10\/SPb-2012-W3-9930-150x150.jpg\" class=\"attachment-thumbnail size-thumbnail\" alt=\"\" loading=\"lazy\" data-attachment-id=\"5265\" data-permalink=\"http:\/\/www.chiller.at\/?attachment_id=5265\" data-orig-file=\"http:\/\/www.chiller.at\/wordpress\/wp-content\/uploads\/2012\/10\/SPb-2012-W3-9930.jpg\" data-orig-size=\"700,382\" data-comments-opened=\"1\" data-image-meta=\"{&quot;aperture&quot;:&quot;10&quot;,&quot;credit&quot;:&quot;Florian Schilling&quot;,&quot;camera&quot;:&quot;Canon EOS 40D&quot;,&quot;caption&quot;:&quot;&quot;,&quot;created_timestamp&quot;:&quot;1345128512&quot;,&quot;copyright&quot;:&quot;\\u00c2\\u00a9 Florian Schilling&quot;,&quot;focal_length&quot;:&quot;50&quot;,&quot;iso&quot;:&quot;100&quot;,&quot;shutter_speed&quot;:&quot;0.008&quot;,&quot;title&quot;:&quot;&quot;}\" data-image-title=\"Ein Riesenbuch im Univiertel\" data-image-description=\"\" data-medium-file=\"http:\/\/www.chiller.at\/wordpress\/wp-content\/uploads\/2012\/10\/SPb-2012-W3-9930-300x163.jpg\" data-large-file=\"http:\/\/www.chiller.at\/wordpress\/wp-content\/uploads\/2012\/10\/SPb-2012-W3-9930.jpg\" \/><\/a>\n\t\t\t<\/div><\/figure><figure class='gallery-item'>\n\t\t\t<div class='gallery-icon portrait'>\n\t\t\t\t<a href='http:\/\/www.chiller.at\/wordpress\/wp-content\/uploads\/2012\/10\/SPb-2012-W3-9918.jpg'><img width=\"150\" height=\"150\" src=\"http:\/\/www.chiller.at\/wordpress\/wp-content\/uploads\/2012\/10\/SPb-2012-W3-9918-150x150.jpg\" class=\"attachment-thumbnail size-thumbnail\" alt=\"\" loading=\"lazy\" data-attachment-id=\"5262\" data-permalink=\"http:\/\/www.chiller.at\/?attachment_id=5262\" data-orig-file=\"http:\/\/www.chiller.at\/wordpress\/wp-content\/uploads\/2012\/10\/SPb-2012-W3-9918.jpg\" data-orig-size=\"467,700\" data-comments-opened=\"1\" data-image-meta=\"{&quot;aperture&quot;:&quot;7.1&quot;,&quot;credit&quot;:&quot;Florian Schilling&quot;,&quot;camera&quot;:&quot;Canon EOS 40D&quot;,&quot;caption&quot;:&quot;&quot;,&quot;created_timestamp&quot;:&quot;1345126753&quot;,&quot;copyright&quot;:&quot;\\u00c2\\u00a9 Florian Schilling&quot;,&quot;focal_length&quot;:&quot;44&quot;,&quot;iso&quot;:&quot;100&quot;,&quot;shutter_speed&quot;:&quot;0.00625&quot;,&quot;title&quot;:&quot;&quot;}\" data-image-title=\"Eltern! Sagt euren Kindern, sie sollen nichts von Fremden nehmen und nicht mit ihnen gehen! (interessante Kampagne!)\" data-image-description=\"\" data-medium-file=\"http:\/\/www.chiller.at\/wordpress\/wp-content\/uploads\/2012\/10\/SPb-2012-W3-9918-200x300.jpg\" data-large-file=\"http:\/\/www.chiller.at\/wordpress\/wp-content\/uploads\/2012\/10\/SPb-2012-W3-9918.jpg\" \/><\/a>\n\t\t\t<\/div><\/figure><figure class='gallery-item'>\n\t\t\t<div class='gallery-icon landscape'>\n\t\t\t\t<a href='http:\/\/www.chiller.at\/wordpress\/wp-content\/uploads\/2012\/10\/SPb-2012-W3-0052.jpg'><img width=\"150\" height=\"150\" src=\"http:\/\/www.chiller.at\/wordpress\/wp-content\/uploads\/2012\/10\/SPb-2012-W3-0052-150x150.jpg\" class=\"attachment-thumbnail size-thumbnail\" alt=\"\" loading=\"lazy\" data-attachment-id=\"5218\" data-permalink=\"http:\/\/www.chiller.at\/?attachment_id=5218\" data-orig-file=\"http:\/\/www.chiller.at\/wordpress\/wp-content\/uploads\/2012\/10\/SPb-2012-W3-0052.jpg\" data-orig-size=\"700,467\" data-comments-opened=\"1\" data-image-meta=\"{&quot;aperture&quot;:&quot;6.3&quot;,&quot;credit&quot;:&quot;Florian Schilling&quot;,&quot;camera&quot;:&quot;Canon EOS 40D&quot;,&quot;caption&quot;:&quot;&quot;,&quot;created_timestamp&quot;:&quot;1345300906&quot;,&quot;copyright&quot;:&quot;\\u00c2\\u00a9 Florian Schilling&quot;,&quot;focal_length&quot;:&quot;10&quot;,&quot;iso&quot;:&quot;250&quot;,&quot;shutter_speed&quot;:&quot;0.016666666666667&quot;,&quot;title&quot;:&quot;&quot;}\" data-image-title=\"Der Himmel der kronst\u00e4dter Kathedrale\" data-image-description=\"\" data-medium-file=\"http:\/\/www.chiller.at\/wordpress\/wp-content\/uploads\/2012\/10\/SPb-2012-W3-0052-300x200.jpg\" data-large-file=\"http:\/\/www.chiller.at\/wordpress\/wp-content\/uploads\/2012\/10\/SPb-2012-W3-0052.jpg\" \/><\/a>\n\t\t\t<\/div><\/figure><figure class='gallery-item'>\n\t\t\t<div class='gallery-icon landscape'>\n\t\t\t\t<a href='http:\/\/www.chiller.at\/wordpress\/wp-content\/uploads\/2012\/10\/SPb-2012-W3-0184.jpg'><img width=\"150\" height=\"150\" src=\"http:\/\/www.chiller.at\/wordpress\/wp-content\/uploads\/2012\/10\/SPb-2012-W3-0184-150x150.jpg\" class=\"attachment-thumbnail size-thumbnail\" alt=\"\" loading=\"lazy\" data-attachment-id=\"5230\" data-permalink=\"http:\/\/www.chiller.at\/?attachment_id=5230\" data-orig-file=\"http:\/\/www.chiller.at\/wordpress\/wp-content\/uploads\/2012\/10\/SPb-2012-W3-0184.jpg\" data-orig-size=\"700,467\" data-comments-opened=\"1\" data-image-meta=\"{&quot;aperture&quot;:&quot;9&quot;,&quot;credit&quot;:&quot;Florian Schilling&quot;,&quot;camera&quot;:&quot;Canon EOS 40D&quot;,&quot;caption&quot;:&quot;&quot;,&quot;created_timestamp&quot;:&quot;1345358903&quot;,&quot;copyright&quot;:&quot;\\u00c2\\u00a9 Florian Schilling&quot;,&quot;focal_length&quot;:&quot;10&quot;,&quot;iso&quot;:&quot;200&quot;,&quot;shutter_speed&quot;:&quot;0.0125&quot;,&quot;title&quot;:&quot;&quot;}\" data-image-title=\"Ende des Ramadan &#8211; Menschenmassen rund um die Moschee und ohrenbet\u00e4ubender Schall vom Minarett\" data-image-description=\"\" data-medium-file=\"http:\/\/www.chiller.at\/wordpress\/wp-content\/uploads\/2012\/10\/SPb-2012-W3-0184-300x200.jpg\" data-large-file=\"http:\/\/www.chiller.at\/wordpress\/wp-content\/uploads\/2012\/10\/SPb-2012-W3-0184.jpg\" \/><\/a>\n\t\t\t<\/div><\/figure><figure class='gallery-item'>\n\t\t\t<div class='gallery-icon landscape'>\n\t\t\t\t<a href='http:\/\/www.chiller.at\/wordpress\/wp-content\/uploads\/2012\/10\/SPb-2012-W3-0067.jpg'><img width=\"150\" height=\"150\" src=\"http:\/\/www.chiller.at\/wordpress\/wp-content\/uploads\/2012\/10\/SPb-2012-W3-0067-150x150.jpg\" class=\"attachment-thumbnail size-thumbnail\" alt=\"\" loading=\"lazy\" data-attachment-id=\"5220\" data-permalink=\"http:\/\/www.chiller.at\/?attachment_id=5220\" data-orig-file=\"http:\/\/www.chiller.at\/wordpress\/wp-content\/uploads\/2012\/10\/SPb-2012-W3-0067.jpg\" data-orig-size=\"700,444\" data-comments-opened=\"1\" data-image-meta=\"{&quot;aperture&quot;:&quot;2.8&quot;,&quot;credit&quot;:&quot;Florian Schilling&quot;,&quot;camera&quot;:&quot;Canon EOS 40D&quot;,&quot;caption&quot;:&quot;&quot;,&quot;created_timestamp&quot;:&quot;1345301238&quot;,&quot;copyright&quot;:&quot;\\u00c2\\u00a9 Florian Schilling&quot;,&quot;focal_length&quot;:&quot;50&quot;,&quot;iso&quot;:&quot;200&quot;,&quot;shutter_speed&quot;:&quot;0.0125&quot;,&quot;title&quot;:&quot;&quot;}\" data-image-title=\"In der Kathedrale (Kronstadt)\" data-image-description=\"\" data-medium-file=\"http:\/\/www.chiller.at\/wordpress\/wp-content\/uploads\/2012\/10\/SPb-2012-W3-0067-300x190.jpg\" data-large-file=\"http:\/\/www.chiller.at\/wordpress\/wp-content\/uploads\/2012\/10\/SPb-2012-W3-0067.jpg\" \/><\/a>\n\t\t\t<\/div><\/figure><figure class='gallery-item'>\n\t\t\t<div class='gallery-icon landscape'>\n\t\t\t\t<a href='http:\/\/www.chiller.at\/wordpress\/wp-content\/uploads\/2012\/10\/SPb-2012-W3-0186.jpg'><img width=\"150\" height=\"150\" src=\"http:\/\/www.chiller.at\/wordpress\/wp-content\/uploads\/2012\/10\/SPb-2012-W3-0186-150x150.jpg\" class=\"attachment-thumbnail size-thumbnail\" alt=\"\" loading=\"lazy\" data-attachment-id=\"5231\" data-permalink=\"http:\/\/www.chiller.at\/?attachment_id=5231\" data-orig-file=\"http:\/\/www.chiller.at\/wordpress\/wp-content\/uploads\/2012\/10\/SPb-2012-W3-0186.jpg\" data-orig-size=\"700,513\" data-comments-opened=\"1\" data-image-meta=\"{&quot;aperture&quot;:&quot;5.6&quot;,&quot;credit&quot;:&quot;Florian Schilling&quot;,&quot;camera&quot;:&quot;Canon EOS 40D&quot;,&quot;caption&quot;:&quot;&quot;,&quot;created_timestamp&quot;:&quot;1345376877&quot;,&quot;copyright&quot;:&quot;\\u00c2\\u00a9 Florian Schilling&quot;,&quot;focal_length&quot;:&quot;31&quot;,&quot;iso&quot;:&quot;200&quot;,&quot;shutter_speed&quot;:&quot;0.0125&quot;,&quot;title&quot;:&quot;&quot;}\" data-image-title=\"Einsamkeit\" data-image-description=\"\" data-medium-file=\"http:\/\/www.chiller.at\/wordpress\/wp-content\/uploads\/2012\/10\/SPb-2012-W3-0186-300x219.jpg\" data-large-file=\"http:\/\/www.chiller.at\/wordpress\/wp-content\/uploads\/2012\/10\/SPb-2012-W3-0186.jpg\" \/><\/a>\n\t\t\t<\/div><\/figure><figure class='gallery-item'>\n\t\t\t<div class='gallery-icon landscape'>\n\t\t\t\t<a href='http:\/\/www.chiller.at\/wordpress\/wp-content\/uploads\/2012\/10\/SPb-2012-W3-9935.jpg'><img width=\"150\" height=\"150\" src=\"http:\/\/www.chiller.at\/wordpress\/wp-content\/uploads\/2012\/10\/SPb-2012-W3-9935-150x150.jpg\" class=\"attachment-thumbnail size-thumbnail\" alt=\"\" loading=\"lazy\" data-attachment-id=\"5266\" data-permalink=\"http:\/\/www.chiller.at\/?attachment_id=5266\" data-orig-file=\"http:\/\/www.chiller.at\/wordpress\/wp-content\/uploads\/2012\/10\/SPb-2012-W3-9935.jpg\" data-orig-size=\"700,467\" data-comments-opened=\"1\" data-image-meta=\"{&quot;aperture&quot;:&quot;9&quot;,&quot;credit&quot;:&quot;Florian Schilling&quot;,&quot;camera&quot;:&quot;Canon EOS 40D&quot;,&quot;caption&quot;:&quot;&quot;,&quot;created_timestamp&quot;:&quot;1345128937&quot;,&quot;copyright&quot;:&quot;\\u00c2\\u00a9 Florian Schilling&quot;,&quot;focal_length&quot;:&quot;50&quot;,&quot;iso&quot;:&quot;100&quot;,&quot;shutter_speed&quot;:&quot;0.01&quot;,&quot;title&quot;:&quot;&quot;}\" data-image-title=\"Impression von der Strelka\" data-image-description=\"\" data-medium-file=\"http:\/\/www.chiller.at\/wordpress\/wp-content\/uploads\/2012\/10\/SPb-2012-W3-9935-300x200.jpg\" data-large-file=\"http:\/\/www.chiller.at\/wordpress\/wp-content\/uploads\/2012\/10\/SPb-2012-W3-9935.jpg\" \/><\/a>\n\t\t\t<\/div><\/figure><figure class='gallery-item'>\n\t\t\t<div class='gallery-icon portrait'>\n\t\t\t\t<a href='http:\/\/www.chiller.at\/wordpress\/wp-content\/uploads\/2012\/10\/SPb-2012-W3-0026.jpg'><img width=\"150\" height=\"150\" src=\"http:\/\/www.chiller.at\/wordpress\/wp-content\/uploads\/2012\/10\/SPb-2012-W3-0026-150x150.jpg\" class=\"attachment-thumbnail size-thumbnail\" alt=\"\" loading=\"lazy\" data-attachment-id=\"5217\" data-permalink=\"http:\/\/www.chiller.at\/?attachment_id=5217\" data-orig-file=\"http:\/\/www.chiller.at\/wordpress\/wp-content\/uploads\/2012\/10\/SPb-2012-W3-0026.jpg\" data-orig-size=\"483,700\" data-comments-opened=\"1\" data-image-meta=\"{&quot;aperture&quot;:&quot;8&quot;,&quot;credit&quot;:&quot;Florian Schilling&quot;,&quot;camera&quot;:&quot;Canon EOS 40D&quot;,&quot;caption&quot;:&quot;&quot;,&quot;created_timestamp&quot;:&quot;1345298825&quot;,&quot;copyright&quot;:&quot;\\u00c2\\u00a9 Florian Schilling&quot;,&quot;focal_length&quot;:&quot;26&quot;,&quot;iso&quot;:&quot;100&quot;,&quot;shutter_speed&quot;:&quot;0.005&quot;,&quot;title&quot;:&quot;&quot;}\" data-image-title=\"In Kronstadt\" data-image-description=\"\" data-medium-file=\"http:\/\/www.chiller.at\/wordpress\/wp-content\/uploads\/2012\/10\/SPb-2012-W3-0026-207x300.jpg\" data-large-file=\"http:\/\/www.chiller.at\/wordpress\/wp-content\/uploads\/2012\/10\/SPb-2012-W3-0026.jpg\" \/><\/a>\n\t\t\t<\/div><\/figure><figure class='gallery-item'>\n\t\t\t<div class='gallery-icon landscape'>\n\t\t\t\t<a href='http:\/\/www.chiller.at\/wordpress\/wp-content\/uploads\/2012\/10\/SPb-2012-W3-0249.jpg'><img width=\"150\" height=\"150\" src=\"http:\/\/www.chiller.at\/wordpress\/wp-content\/uploads\/2012\/10\/SPb-2012-W3-0249-150x150.jpg\" class=\"attachment-thumbnail size-thumbnail\" alt=\"\" loading=\"lazy\" data-attachment-id=\"5234\" data-permalink=\"http:\/\/www.chiller.at\/?attachment_id=5234\" data-orig-file=\"http:\/\/www.chiller.at\/wordpress\/wp-content\/uploads\/2012\/10\/SPb-2012-W3-0249.jpg\" data-orig-size=\"700,507\" data-comments-opened=\"1\" data-image-meta=\"{&quot;aperture&quot;:&quot;2.8&quot;,&quot;credit&quot;:&quot;Florian Schilling&quot;,&quot;camera&quot;:&quot;Canon EOS 40D&quot;,&quot;caption&quot;:&quot;&quot;,&quot;created_timestamp&quot;:&quot;1345542461&quot;,&quot;copyright&quot;:&quot;\\u00c2\\u00a9 Florian Schilling&quot;,&quot;focal_length&quot;:&quot;17&quot;,&quot;iso&quot;:&quot;400&quot;,&quot;shutter_speed&quot;:&quot;0.01&quot;,&quot;title&quot;:&quot;&quot;}\" data-image-title=\"Langes tr\u00e4nenreiches Verabschieden\" data-image-description=\"\" data-medium-file=\"http:\/\/www.chiller.at\/wordpress\/wp-content\/uploads\/2012\/10\/SPb-2012-W3-0249-300x217.jpg\" data-large-file=\"http:\/\/www.chiller.at\/wordpress\/wp-content\/uploads\/2012\/10\/SPb-2012-W3-0249.jpg\" \/><\/a>\n\t\t\t<\/div><\/figure><figure class='gallery-item'>\n\t\t\t<div class='gallery-icon landscape'>\n\t\t\t\t<a href='http:\/\/www.chiller.at\/wordpress\/wp-content\/uploads\/2012\/10\/SPb-2012-W3-0159.jpg'><img width=\"150\" height=\"150\" src=\"http:\/\/www.chiller.at\/wordpress\/wp-content\/uploads\/2012\/10\/SPb-2012-W3-0159-150x150.jpg\" class=\"attachment-thumbnail size-thumbnail\" alt=\"\" loading=\"lazy\" data-attachment-id=\"5226\" data-permalink=\"http:\/\/www.chiller.at\/?attachment_id=5226\" data-orig-file=\"http:\/\/www.chiller.at\/wordpress\/wp-content\/uploads\/2012\/10\/SPb-2012-W3-0159.jpg\" data-orig-size=\"700,454\" data-comments-opened=\"1\" data-image-meta=\"{&quot;aperture&quot;:&quot;10&quot;,&quot;credit&quot;:&quot;Florian Schilling&quot;,&quot;camera&quot;:&quot;Canon EOS 40D&quot;,&quot;caption&quot;:&quot;&quot;,&quot;created_timestamp&quot;:&quot;1345315733&quot;,&quot;copyright&quot;:&quot;\\u00c2\\u00a9 Florian Schilling&quot;,&quot;focal_length&quot;:&quot;50&quot;,&quot;iso&quot;:&quot;100&quot;,&quot;shutter_speed&quot;:&quot;0.001&quot;,&quot;title&quot;:&quot;&quot;}\" data-image-title=\"Sonnenuntergang\" data-image-description=\"\" data-medium-file=\"http:\/\/www.chiller.at\/wordpress\/wp-content\/uploads\/2012\/10\/SPb-2012-W3-0159-300x194.jpg\" data-large-file=\"http:\/\/www.chiller.at\/wordpress\/wp-content\/uploads\/2012\/10\/SPb-2012-W3-0159.jpg\" \/><\/a>\n\t\t\t<\/div><\/figure><figure class='gallery-item'>\n\t\t\t<div class='gallery-icon landscape'>\n\t\t\t\t<a href='http:\/\/www.chiller.at\/wordpress\/wp-content\/uploads\/2012\/10\/SPb-2012-W3-9873.jpg'><img width=\"150\" height=\"150\" src=\"http:\/\/www.chiller.at\/wordpress\/wp-content\/uploads\/2012\/10\/SPb-2012-W3-9873-150x150.jpg\" class=\"attachment-thumbnail size-thumbnail\" alt=\"\" loading=\"lazy\" data-attachment-id=\"5250\" data-permalink=\"http:\/\/www.chiller.at\/?attachment_id=5250\" data-orig-file=\"http:\/\/www.chiller.at\/wordpress\/wp-content\/uploads\/2012\/10\/SPb-2012-W3-9873.jpg\" data-orig-size=\"700,467\" data-comments-opened=\"1\" data-image-meta=\"{&quot;aperture&quot;:&quot;6.3&quot;,&quot;credit&quot;:&quot;Florian Schilling&quot;,&quot;camera&quot;:&quot;Canon EOS 40D&quot;,&quot;caption&quot;:&quot;&quot;,&quot;created_timestamp&quot;:&quot;1344958788&quot;,&quot;copyright&quot;:&quot;\\u00c2\\u00a9 Florian Schilling&quot;,&quot;focal_length&quot;:&quot;17&quot;,&quot;iso&quot;:&quot;100&quot;,&quot;shutter_speed&quot;:&quot;0.008&quot;,&quot;title&quot;:&quot;&quot;}\" data-image-title=\"Prunk?\" data-image-description=\"\" data-medium-file=\"http:\/\/www.chiller.at\/wordpress\/wp-content\/uploads\/2012\/10\/SPb-2012-W3-9873-300x200.jpg\" data-large-file=\"http:\/\/www.chiller.at\/wordpress\/wp-content\/uploads\/2012\/10\/SPb-2012-W3-9873.jpg\" \/><\/a>\n\t\t\t<\/div><\/figure><figure class='gallery-item'>\n\t\t\t<div class='gallery-icon portrait'>\n\t\t\t\t<a href='http:\/\/www.chiller.at\/wordpress\/wp-content\/uploads\/2012\/10\/SPb-2012-W3-9916.jpg'><img width=\"150\" height=\"150\" src=\"http:\/\/www.chiller.at\/wordpress\/wp-content\/uploads\/2012\/10\/SPb-2012-W3-9916-150x150.jpg\" class=\"attachment-thumbnail size-thumbnail\" alt=\"\" loading=\"lazy\" data-attachment-id=\"5261\" data-permalink=\"http:\/\/www.chiller.at\/?attachment_id=5261\" data-orig-file=\"http:\/\/www.chiller.at\/wordpress\/wp-content\/uploads\/2012\/10\/SPb-2012-W3-9916.jpg\" data-orig-size=\"467,700\" data-comments-opened=\"1\" data-image-meta=\"{&quot;aperture&quot;:&quot;7.1&quot;,&quot;credit&quot;:&quot;Florian Schilling&quot;,&quot;camera&quot;:&quot;Canon EOS 40D&quot;,&quot;caption&quot;:&quot;&quot;,&quot;created_timestamp&quot;:&quot;1345126734&quot;,&quot;copyright&quot;:&quot;\\u00c2\\u00a9 Florian Schilling&quot;,&quot;focal_length&quot;:&quot;43&quot;,&quot;iso&quot;:&quot;100&quot;,&quot;shutter_speed&quot;:&quot;0.004&quot;,&quot;title&quot;:&quot;&quot;}\" data-image-title=\"Kinder k\u00f6nnen jeden Moment auf die Stra\u00dfe laufen! Vergesst das nicht!\" data-image-description=\"\" data-medium-file=\"http:\/\/www.chiller.at\/wordpress\/wp-content\/uploads\/2012\/10\/SPb-2012-W3-9916-200x300.jpg\" data-large-file=\"http:\/\/www.chiller.at\/wordpress\/wp-content\/uploads\/2012\/10\/SPb-2012-W3-9916.jpg\" \/><\/a>\n\t\t\t<\/div><\/figure><figure class='gallery-item'>\n\t\t\t<div class='gallery-icon portrait'>\n\t\t\t\t<a href='http:\/\/www.chiller.at\/wordpress\/wp-content\/uploads\/2012\/10\/SPb-2012-W3-9976.jpg'><img width=\"150\" height=\"150\" src=\"http:\/\/www.chiller.at\/wordpress\/wp-content\/uploads\/2012\/10\/SPb-2012-W3-9976-150x150.jpg\" class=\"attachment-thumbnail size-thumbnail\" alt=\"\" loading=\"lazy\" data-attachment-id=\"5272\" data-permalink=\"http:\/\/www.chiller.at\/?attachment_id=5272\" data-orig-file=\"http:\/\/www.chiller.at\/wordpress\/wp-content\/uploads\/2012\/10\/SPb-2012-W3-9976.jpg\" data-orig-size=\"535,700\" data-comments-opened=\"1\" data-image-meta=\"{&quot;aperture&quot;:&quot;2.8&quot;,&quot;credit&quot;:&quot;Florian Schilling&quot;,&quot;camera&quot;:&quot;Canon EOS 40D&quot;,&quot;caption&quot;:&quot;&quot;,&quot;created_timestamp&quot;:&quot;1345213751&quot;,&quot;copyright&quot;:&quot;\\u00c2\\u00a9 Florian Schilling&quot;,&quot;focal_length&quot;:&quot;42&quot;,&quot;iso&quot;:&quot;250&quot;,&quot;shutter_speed&quot;:&quot;0.01&quot;,&quot;title&quot;:&quot;&quot;}\" data-image-title=\"Im russischen Museum\" data-image-description=\"\" data-medium-file=\"http:\/\/www.chiller.at\/wordpress\/wp-content\/uploads\/2012\/10\/SPb-2012-W3-9976-229x300.jpg\" data-large-file=\"http:\/\/www.chiller.at\/wordpress\/wp-content\/uploads\/2012\/10\/SPb-2012-W3-9976.jpg\" \/><\/a>\n\t\t\t<\/div><\/figure><figure class='gallery-item'>\n\t\t\t<div class='gallery-icon portrait'>\n\t\t\t\t<a href='http:\/\/www.chiller.at\/wordpress\/wp-content\/uploads\/2012\/10\/SPb-2012-W3-9897.jpg'><img width=\"150\" height=\"150\" src=\"http:\/\/www.chiller.at\/wordpress\/wp-content\/uploads\/2012\/10\/SPb-2012-W3-9897-150x150.jpg\" class=\"attachment-thumbnail size-thumbnail\" alt=\"\" loading=\"lazy\" data-attachment-id=\"5256\" data-permalink=\"http:\/\/www.chiller.at\/?attachment_id=5256\" data-orig-file=\"http:\/\/www.chiller.at\/wordpress\/wp-content\/uploads\/2012\/10\/SPb-2012-W3-9897.jpg\" data-orig-size=\"498,700\" data-comments-opened=\"1\" data-image-meta=\"{&quot;aperture&quot;:&quot;5.6&quot;,&quot;credit&quot;:&quot;Florian Schilling&quot;,&quot;camera&quot;:&quot;Canon EOS 40D&quot;,&quot;caption&quot;:&quot;&quot;,&quot;created_timestamp&quot;:&quot;1345049516&quot;,&quot;copyright&quot;:&quot;\\u00c2\\u00a9 Florian Schilling&quot;,&quot;focal_length&quot;:&quot;21&quot;,&quot;iso&quot;:&quot;100&quot;,&quot;shutter_speed&quot;:&quot;0.01&quot;,&quot;title&quot;:&quot;&quot;}\" data-image-title=\"Natur vs. Mensch\" data-image-description=\"\" data-medium-file=\"http:\/\/www.chiller.at\/wordpress\/wp-content\/uploads\/2012\/10\/SPb-2012-W3-9897-213x300.jpg\" data-large-file=\"http:\/\/www.chiller.at\/wordpress\/wp-content\/uploads\/2012\/10\/SPb-2012-W3-9897.jpg\" \/><\/a>\n\t\t\t<\/div><\/figure><figure class='gallery-item'>\n\t\t\t<div class='gallery-icon landscape'>\n\t\t\t\t<a href='http:\/\/www.chiller.at\/wordpress\/wp-content\/uploads\/2012\/10\/SPb-2012-W3-9896.jpg'><img width=\"150\" height=\"150\" src=\"http:\/\/www.chiller.at\/wordpress\/wp-content\/uploads\/2012\/10\/SPb-2012-W3-9896-150x150.jpg\" class=\"attachment-thumbnail size-thumbnail\" alt=\"\" loading=\"lazy\" data-attachment-id=\"5255\" data-permalink=\"http:\/\/www.chiller.at\/?attachment_id=5255\" data-orig-file=\"http:\/\/www.chiller.at\/wordpress\/wp-content\/uploads\/2012\/10\/SPb-2012-W3-9896.jpg\" data-orig-size=\"700,498\" data-comments-opened=\"1\" data-image-meta=\"{&quot;aperture&quot;:&quot;5.6&quot;,&quot;credit&quot;:&quot;Florian Schilling&quot;,&quot;camera&quot;:&quot;Canon EOS 40D&quot;,&quot;caption&quot;:&quot;&quot;,&quot;created_timestamp&quot;:&quot;1345042037&quot;,&quot;copyright&quot;:&quot;\\u00c2\\u00a9 Florian Schilling&quot;,&quot;focal_length&quot;:&quot;17&quot;,&quot;iso&quot;:&quot;100&quot;,&quot;shutter_speed&quot;:&quot;0.005&quot;,&quot;title&quot;:&quot;&quot;}\" data-image-title=\"Au\u00dfenviertel\" data-image-description=\"\" data-medium-file=\"http:\/\/www.chiller.at\/wordpress\/wp-content\/uploads\/2012\/10\/SPb-2012-W3-9896-300x213.jpg\" data-large-file=\"http:\/\/www.chiller.at\/wordpress\/wp-content\/uploads\/2012\/10\/SPb-2012-W3-9896.jpg\" \/><\/a>\n\t\t\t<\/div><\/figure><figure class='gallery-item'>\n\t\t\t<div class='gallery-icon landscape'>\n\t\t\t\t<a href='http:\/\/www.chiller.at\/wordpress\/wp-content\/uploads\/2012\/10\/SPb-2012-W3-9836.jpg'><img width=\"150\" height=\"150\" src=\"http:\/\/www.chiller.at\/wordpress\/wp-content\/uploads\/2012\/10\/SPb-2012-W3-9836-150x150.jpg\" class=\"attachment-thumbnail size-thumbnail\" alt=\"\" loading=\"lazy\" data-attachment-id=\"5243\" data-permalink=\"http:\/\/www.chiller.at\/?attachment_id=5243\" data-orig-file=\"http:\/\/www.chiller.at\/wordpress\/wp-content\/uploads\/2012\/10\/SPb-2012-W3-9836.jpg\" data-orig-size=\"700,467\" data-comments-opened=\"1\" data-image-meta=\"{&quot;aperture&quot;:&quot;7.1&quot;,&quot;credit&quot;:&quot;Florian Schilling&quot;,&quot;camera&quot;:&quot;Canon EOS 40D&quot;,&quot;caption&quot;:&quot;&quot;,&quot;created_timestamp&quot;:&quot;1344953905&quot;,&quot;copyright&quot;:&quot;\\u00c2\\u00a9 Florian Schilling&quot;,&quot;focal_length&quot;:&quot;50&quot;,&quot;iso&quot;:&quot;100&quot;,&quot;shutter_speed&quot;:&quot;0.0015625&quot;,&quot;title&quot;:&quot;&quot;}\" data-image-title=\"Verfall\" data-image-description=\"\" data-medium-file=\"http:\/\/www.chiller.at\/wordpress\/wp-content\/uploads\/2012\/10\/SPb-2012-W3-9836-300x200.jpg\" data-large-file=\"http:\/\/www.chiller.at\/wordpress\/wp-content\/uploads\/2012\/10\/SPb-2012-W3-9836.jpg\" \/><\/a>\n\t\t\t<\/div><\/figure><figure class='gallery-item'>\n\t\t\t<div class='gallery-icon landscape'>\n\t\t\t\t<a href='http:\/\/www.chiller.at\/wordpress\/wp-content\/uploads\/2012\/10\/SPb-2012-W3-9826.jpg'><img width=\"150\" height=\"150\" src=\"http:\/\/www.chiller.at\/wordpress\/wp-content\/uploads\/2012\/10\/SPb-2012-W3-9826-150x150.jpg\" class=\"attachment-thumbnail size-thumbnail\" alt=\"\" loading=\"lazy\" data-attachment-id=\"5241\" data-permalink=\"http:\/\/www.chiller.at\/?attachment_id=5241\" data-orig-file=\"http:\/\/www.chiller.at\/wordpress\/wp-content\/uploads\/2012\/10\/SPb-2012-W3-9826.jpg\" data-orig-size=\"700,510\" data-comments-opened=\"1\" data-image-meta=\"{&quot;aperture&quot;:&quot;7.1&quot;,&quot;credit&quot;:&quot;Florian Schilling&quot;,&quot;camera&quot;:&quot;Canon EOS 40D&quot;,&quot;caption&quot;:&quot;&quot;,&quot;created_timestamp&quot;:&quot;1344952749&quot;,&quot;copyright&quot;:&quot;\\u00c2\\u00a9 Florian Schilling&quot;,&quot;focal_length&quot;:&quot;22&quot;,&quot;iso&quot;:&quot;100&quot;,&quot;shutter_speed&quot;:&quot;0.002&quot;,&quot;title&quot;:&quot;&quot;}\" data-image-title=\"Backflash Odessa\" data-image-description=\"\" data-medium-file=\"http:\/\/www.chiller.at\/wordpress\/wp-content\/uploads\/2012\/10\/SPb-2012-W3-9826-300x218.jpg\" data-large-file=\"http:\/\/www.chiller.at\/wordpress\/wp-content\/uploads\/2012\/10\/SPb-2012-W3-9826.jpg\" \/><\/a>\n\t\t\t<\/div><\/figure><figure class='gallery-item'>\n\t\t\t<div class='gallery-icon landscape'>\n\t\t\t\t<a href='http:\/\/www.chiller.at\/wordpress\/wp-content\/uploads\/2012\/10\/SPb-2012-W3-9804.jpg'><img width=\"150\" height=\"150\" src=\"http:\/\/www.chiller.at\/wordpress\/wp-content\/uploads\/2012\/10\/SPb-2012-W3-9804-150x150.jpg\" class=\"attachment-thumbnail size-thumbnail\" alt=\"\" loading=\"lazy\" data-attachment-id=\"5237\" data-permalink=\"http:\/\/www.chiller.at\/?attachment_id=5237\" data-orig-file=\"http:\/\/www.chiller.at\/wordpress\/wp-content\/uploads\/2012\/10\/SPb-2012-W3-9804.jpg\" data-orig-size=\"700,467\" data-comments-opened=\"1\" data-image-meta=\"{&quot;aperture&quot;:&quot;1.8&quot;,&quot;credit&quot;:&quot;Florian Schilling&quot;,&quot;camera&quot;:&quot;Canon EOS 40D&quot;,&quot;caption&quot;:&quot;&quot;,&quot;created_timestamp&quot;:&quot;1344949396&quot;,&quot;copyright&quot;:&quot;\\u00c2\\u00a9 Florian Schilling&quot;,&quot;focal_length&quot;:&quot;50&quot;,&quot;iso&quot;:&quot;400&quot;,&quot;shutter_speed&quot;:&quot;0.01&quot;,&quot;title&quot;:&quot;&quot;}\" data-image-title=\"Im Blockademuseum\" data-image-description=\"\" data-medium-file=\"http:\/\/www.chiller.at\/wordpress\/wp-content\/uploads\/2012\/10\/SPb-2012-W3-9804-300x200.jpg\" data-large-file=\"http:\/\/www.chiller.at\/wordpress\/wp-content\/uploads\/2012\/10\/SPb-2012-W3-9804.jpg\" \/><\/a>\n\t\t\t<\/div><\/figure><figure class='gallery-item'>\n\t\t\t<div class='gallery-icon landscape'>\n\t\t\t\t<a href='http:\/\/www.chiller.at\/wordpress\/wp-content\/uploads\/2012\/10\/SPb-2012-W3-0236.jpg'><img width=\"150\" height=\"150\" src=\"http:\/\/www.chiller.at\/wordpress\/wp-content\/uploads\/2012\/10\/SPb-2012-W3-0236-150x150.jpg\" class=\"attachment-thumbnail size-thumbnail\" alt=\"\" loading=\"lazy\" data-attachment-id=\"5233\" data-permalink=\"http:\/\/www.chiller.at\/?attachment_id=5233\" data-orig-file=\"http:\/\/www.chiller.at\/wordpress\/wp-content\/uploads\/2012\/10\/SPb-2012-W3-0236.jpg\" data-orig-size=\"700,556\" data-comments-opened=\"1\" data-image-meta=\"{&quot;aperture&quot;:&quot;2.8&quot;,&quot;credit&quot;:&quot;Florian Schilling&quot;,&quot;camera&quot;:&quot;Canon EOS 40D&quot;,&quot;caption&quot;:&quot;&quot;,&quot;created_timestamp&quot;:&quot;1345482435&quot;,&quot;copyright&quot;:&quot;\\u00c2\\u00a9 Florian Schilling&quot;,&quot;focal_length&quot;:&quot;22&quot;,&quot;iso&quot;:&quot;800&quot;,&quot;shutter_speed&quot;:&quot;0.01&quot;,&quot;title&quot;:&quot;&quot;}\" data-image-title=\"Das letzte Abendmahl\" data-image-description=\"\" data-medium-file=\"http:\/\/www.chiller.at\/wordpress\/wp-content\/uploads\/2012\/10\/SPb-2012-W3-0236-300x238.jpg\" data-large-file=\"http:\/\/www.chiller.at\/wordpress\/wp-content\/uploads\/2012\/10\/SPb-2012-W3-0236.jpg\" \/><\/a>\n\t\t\t<\/div><\/figure><figure class='gallery-item'>\n\t\t\t<div class='gallery-icon landscape'>\n\t\t\t\t<a href='http:\/\/www.chiller.at\/wordpress\/wp-content\/uploads\/2012\/10\/SPb-2012-W3-9828.jpg'><img width=\"150\" height=\"150\" src=\"http:\/\/www.chiller.at\/wordpress\/wp-content\/uploads\/2012\/10\/SPb-2012-W3-9828-150x150.jpg\" class=\"attachment-thumbnail size-thumbnail\" alt=\"\" loading=\"lazy\" data-attachment-id=\"5242\" data-permalink=\"http:\/\/www.chiller.at\/?attachment_id=5242\" data-orig-file=\"http:\/\/www.chiller.at\/wordpress\/wp-content\/uploads\/2012\/10\/SPb-2012-W3-9828.jpg\" data-orig-size=\"700,683\" data-comments-opened=\"1\" data-image-meta=\"{&quot;aperture&quot;:&quot;7.1&quot;,&quot;credit&quot;:&quot;Florian Schilling&quot;,&quot;camera&quot;:&quot;Canon EOS 40D&quot;,&quot;caption&quot;:&quot;&quot;,&quot;created_timestamp&quot;:&quot;1344953539&quot;,&quot;copyright&quot;:&quot;\\u00c2\\u00a9 Florian Schilling&quot;,&quot;focal_length&quot;:&quot;23&quot;,&quot;iso&quot;:&quot;100&quot;,&quot;shutter_speed&quot;:&quot;0.002&quot;,&quot;title&quot;:&quot;&quot;}\" data-image-title=\"Umfunktionierung\" data-image-description=\"\" data-medium-file=\"http:\/\/www.chiller.at\/wordpress\/wp-content\/uploads\/2012\/10\/SPb-2012-W3-9828-300x292.jpg\" data-large-file=\"http:\/\/www.chiller.at\/wordpress\/wp-content\/uploads\/2012\/10\/SPb-2012-W3-9828.jpg\" \/><\/a>\n\t\t\t<\/div><\/figure><figure class='gallery-item'>\n\t\t\t<div class='gallery-icon portrait'>\n\t\t\t\t<a href='http:\/\/www.chiller.at\/wordpress\/wp-content\/uploads\/2012\/10\/SPb-2012-W3-9875.jpg'><img width=\"150\" height=\"150\" src=\"http:\/\/www.chiller.at\/wordpress\/wp-content\/uploads\/2012\/10\/SPb-2012-W3-9875-150x150.jpg\" class=\"attachment-thumbnail size-thumbnail\" alt=\"\" loading=\"lazy\" data-attachment-id=\"5251\" data-permalink=\"http:\/\/www.chiller.at\/?attachment_id=5251\" data-orig-file=\"http:\/\/www.chiller.at\/wordpress\/wp-content\/uploads\/2012\/10\/SPb-2012-W3-9875.jpg\" data-orig-size=\"467,700\" data-comments-opened=\"1\" data-image-meta=\"{&quot;aperture&quot;:&quot;9&quot;,&quot;credit&quot;:&quot;Florian Schilling&quot;,&quot;camera&quot;:&quot;Canon EOS 40D&quot;,&quot;caption&quot;:&quot;&quot;,&quot;created_timestamp&quot;:&quot;1344958926&quot;,&quot;copyright&quot;:&quot;\\u00c2\\u00a9 Florian Schilling&quot;,&quot;focal_length&quot;:&quot;28&quot;,&quot;iso&quot;:&quot;100&quot;,&quot;shutter_speed&quot;:&quot;0.0015625&quot;,&quot;title&quot;:&quot;&quot;}\" data-image-title=\"Stil Meeting\" data-image-description=\"\" data-medium-file=\"http:\/\/www.chiller.at\/wordpress\/wp-content\/uploads\/2012\/10\/SPb-2012-W3-9875-200x300.jpg\" data-large-file=\"http:\/\/www.chiller.at\/wordpress\/wp-content\/uploads\/2012\/10\/SPb-2012-W3-9875.jpg\" \/><\/a>\n\t\t\t<\/div><\/figure><figure class='gallery-item'>\n\t\t\t<div class='gallery-icon landscape'>\n\t\t\t\t<a href='http:\/\/www.chiller.at\/wordpress\/wp-content\/uploads\/2012\/10\/SPb-2012-W3-0167.jpg'><img width=\"150\" height=\"150\" src=\"http:\/\/www.chiller.at\/wordpress\/wp-content\/uploads\/2012\/10\/SPb-2012-W3-0167-150x150.jpg\" class=\"attachment-thumbnail size-thumbnail\" alt=\"\" loading=\"lazy\" data-attachment-id=\"5227\" data-permalink=\"http:\/\/www.chiller.at\/?attachment_id=5227\" data-orig-file=\"http:\/\/www.chiller.at\/wordpress\/wp-content\/uploads\/2012\/10\/SPb-2012-W3-0167.jpg\" data-orig-size=\"700,467\" data-comments-opened=\"1\" data-image-meta=\"{&quot;aperture&quot;:&quot;5.6&quot;,&quot;credit&quot;:&quot;Florian Schilling&quot;,&quot;camera&quot;:&quot;Canon EOS 40D&quot;,&quot;caption&quot;:&quot;&quot;,&quot;created_timestamp&quot;:&quot;1345315886&quot;,&quot;copyright&quot;:&quot;\\u00c2\\u00a9 Florian Schilling&quot;,&quot;focal_length&quot;:&quot;50&quot;,&quot;iso&quot;:&quot;100&quot;,&quot;shutter_speed&quot;:&quot;0.00125&quot;,&quot;title&quot;:&quot;&quot;}\" data-image-title=\"Gischt vom Aquabus\" data-image-description=\"\" data-medium-file=\"http:\/\/www.chiller.at\/wordpress\/wp-content\/uploads\/2012\/10\/SPb-2012-W3-0167-300x200.jpg\" data-large-file=\"http:\/\/www.chiller.at\/wordpress\/wp-content\/uploads\/2012\/10\/SPb-2012-W3-0167.jpg\" \/><\/a>\n\t\t\t<\/div><\/figure><figure class='gallery-item'>\n\t\t\t<div class='gallery-icon portrait'>\n\t\t\t\t<a href='http:\/\/www.chiller.at\/wordpress\/wp-content\/uploads\/2012\/10\/SPb-2012-W3-9912.jpg'><img width=\"150\" height=\"150\" src=\"http:\/\/www.chiller.at\/wordpress\/wp-content\/uploads\/2012\/10\/SPb-2012-W3-9912-150x150.jpg\" class=\"attachment-thumbnail size-thumbnail\" alt=\"\" loading=\"lazy\" srcset=\"http:\/\/www.chiller.at\/wordpress\/wp-content\/uploads\/2012\/10\/SPb-2012-W3-9912-150x150.jpg 150w, http:\/\/www.chiller.at\/wordpress\/wp-content\/uploads\/2012\/10\/SPb-2012-W3-9912-298x300.jpg 298w, http:\/\/www.chiller.at\/wordpress\/wp-content\/uploads\/2012\/10\/SPb-2012-W3-9912.jpg 696w\" sizes=\"(max-width: 150px) 100vw, 150px\" data-attachment-id=\"5259\" data-permalink=\"http:\/\/www.chiller.at\/?attachment_id=5259\" data-orig-file=\"http:\/\/www.chiller.at\/wordpress\/wp-content\/uploads\/2012\/10\/SPb-2012-W3-9912.jpg\" data-orig-size=\"696,700\" data-comments-opened=\"1\" data-image-meta=\"{&quot;aperture&quot;:&quot;5.6&quot;,&quot;credit&quot;:&quot;Florian Schilling&quot;,&quot;camera&quot;:&quot;Canon EOS 40D&quot;,&quot;caption&quot;:&quot;&quot;,&quot;created_timestamp&quot;:&quot;1345122856&quot;,&quot;copyright&quot;:&quot;\\u00c2\\u00a9 Florian Schilling&quot;,&quot;focal_length&quot;:&quot;30&quot;,&quot;iso&quot;:&quot;100&quot;,&quot;shutter_speed&quot;:&quot;0.0125&quot;,&quot;title&quot;:&quot;&quot;}\" data-image-title=\"Backstein-Fassade\" data-image-description=\"\" data-medium-file=\"http:\/\/www.chiller.at\/wordpress\/wp-content\/uploads\/2012\/10\/SPb-2012-W3-9912-298x300.jpg\" data-large-file=\"http:\/\/www.chiller.at\/wordpress\/wp-content\/uploads\/2012\/10\/SPb-2012-W3-9912.jpg\" \/><\/a>\n\t\t\t<\/div><\/figure><figure class='gallery-item'>\n\t\t\t<div class='gallery-icon landscape'>\n\t\t\t\t<a href='http:\/\/www.chiller.at\/wordpress\/wp-content\/uploads\/2012\/10\/SPb-2012-W3-Pano-9993.jpg'><img width=\"150\" height=\"150\" src=\"http:\/\/www.chiller.at\/wordpress\/wp-content\/uploads\/2012\/10\/SPb-2012-W3-Pano-9993-150x150.jpg\" class=\"attachment-thumbnail size-thumbnail\" alt=\"\" loading=\"lazy\" data-attachment-id=\"5214\" data-permalink=\"http:\/\/www.chiller.at\/?attachment_id=5214\" data-orig-file=\"http:\/\/www.chiller.at\/wordpress\/wp-content\/uploads\/2012\/10\/SPb-2012-W3-Pano-9993.jpg\" data-orig-size=\"2870,480\" data-comments-opened=\"1\" data-image-meta=\"{&quot;aperture&quot;:&quot;9&quot;,&quot;credit&quot;:&quot;Florian Schilling&quot;,&quot;camera&quot;:&quot;Canon EOS 40D&quot;,&quot;caption&quot;:&quot;&quot;,&quot;created_timestamp&quot;:&quot;1345286235&quot;,&quot;copyright&quot;:&quot;\\u00c2\\u00a9 Florian Schilling&quot;,&quot;focal_length&quot;:&quot;50&quot;,&quot;iso&quot;:&quot;100&quot;,&quot;shutter_speed&quot;:&quot;0.0025&quot;,&quot;title&quot;:&quot;&quot;}\" data-image-title=\"Beim Warten auf den Aquabus&#8230;\" data-image-description=\"\" data-medium-file=\"http:\/\/www.chiller.at\/wordpress\/wp-content\/uploads\/2012\/10\/SPb-2012-W3-Pano-9993-300x50.jpg\" data-large-file=\"http:\/\/www.chiller.at\/wordpress\/wp-content\/uploads\/2012\/10\/SPb-2012-W3-Pano-9993-800x133.jpg\" \/><\/a>\n\t\t\t<\/div><\/figure><figure class='gallery-item'>\n\t\t\t<div class='gallery-icon landscape'>\n\t\t\t\t<a href='http:\/\/www.chiller.at\/wordpress\/wp-content\/uploads\/2012\/10\/SPb-2012-W3-9824.jpg'><img width=\"150\" height=\"150\" src=\"http:\/\/www.chiller.at\/wordpress\/wp-content\/uploads\/2012\/10\/SPb-2012-W3-9824-150x150.jpg\" class=\"attachment-thumbnail size-thumbnail\" alt=\"\" loading=\"lazy\" data-attachment-id=\"5240\" data-permalink=\"http:\/\/www.chiller.at\/?attachment_id=5240\" data-orig-file=\"http:\/\/www.chiller.at\/wordpress\/wp-content\/uploads\/2012\/10\/SPb-2012-W3-9824.jpg\" data-orig-size=\"700,620\" data-comments-opened=\"1\" data-image-meta=\"{&quot;aperture&quot;:&quot;5&quot;,&quot;credit&quot;:&quot;Florian Schilling&quot;,&quot;camera&quot;:&quot;Canon EOS 40D&quot;,&quot;caption&quot;:&quot;&quot;,&quot;created_timestamp&quot;:&quot;1344952640&quot;,&quot;copyright&quot;:&quot;\\u00c2\\u00a9 Florian Schilling&quot;,&quot;focal_length&quot;:&quot;50&quot;,&quot;iso&quot;:&quot;100&quot;,&quot;shutter_speed&quot;:&quot;0.0008&quot;,&quot;title&quot;:&quot;&quot;}\" data-image-title=\"Sat\" data-image-description=\"\" data-medium-file=\"http:\/\/www.chiller.at\/wordpress\/wp-content\/uploads\/2012\/10\/SPb-2012-W3-9824-300x265.jpg\" data-large-file=\"http:\/\/www.chiller.at\/wordpress\/wp-content\/uploads\/2012\/10\/SPb-2012-W3-9824.jpg\" \/><\/a>\n\t\t\t<\/div><\/figure><figure class='gallery-item'>\n\t\t\t<div class='gallery-icon landscape'>\n\t\t\t\t<a href='http:\/\/www.chiller.at\/wordpress\/wp-content\/uploads\/2012\/10\/SPb-2012-W3-0083.jpg'><img width=\"150\" height=\"150\" src=\"http:\/\/www.chiller.at\/wordpress\/wp-content\/uploads\/2012\/10\/SPb-2012-W3-0083-150x150.jpg\" class=\"attachment-thumbnail size-thumbnail\" alt=\"\" loading=\"lazy\" data-attachment-id=\"5221\" data-permalink=\"http:\/\/www.chiller.at\/?attachment_id=5221\" data-orig-file=\"http:\/\/www.chiller.at\/wordpress\/wp-content\/uploads\/2012\/10\/SPb-2012-W3-0083.jpg\" data-orig-size=\"700,467\" data-comments-opened=\"1\" data-image-meta=\"{&quot;aperture&quot;:&quot;2.8&quot;,&quot;credit&quot;:&quot;Florian Schilling&quot;,&quot;camera&quot;:&quot;Canon EOS 40D&quot;,&quot;caption&quot;:&quot;&quot;,&quot;created_timestamp&quot;:&quot;1345301897&quot;,&quot;copyright&quot;:&quot;\\u00c2\\u00a9 Florian Schilling&quot;,&quot;focal_length&quot;:&quot;50&quot;,&quot;iso&quot;:&quot;800&quot;,&quot;shutter_speed&quot;:&quot;0.00625&quot;,&quot;title&quot;:&quot;&quot;}\" data-image-title=\"Weihe der Kathedrale Kronstadts\" data-image-description=\"\" data-medium-file=\"http:\/\/www.chiller.at\/wordpress\/wp-content\/uploads\/2012\/10\/SPb-2012-W3-0083-300x200.jpg\" data-large-file=\"http:\/\/www.chiller.at\/wordpress\/wp-content\/uploads\/2012\/10\/SPb-2012-W3-0083.jpg\" \/><\/a>\n\t\t\t<\/div><\/figure><figure class='gallery-item'>\n\t\t\t<div class='gallery-icon portrait'>\n\t\t\t\t<a href='http:\/\/www.chiller.at\/wordpress\/wp-content\/uploads\/2012\/10\/SPb-2012-W3-0024.jpg'><img width=\"150\" height=\"150\" src=\"http:\/\/www.chiller.at\/wordpress\/wp-content\/uploads\/2012\/10\/SPb-2012-W3-0024-150x150.jpg\" class=\"attachment-thumbnail size-thumbnail\" alt=\"\" loading=\"lazy\" data-attachment-id=\"5216\" data-permalink=\"http:\/\/www.chiller.at\/?attachment_id=5216\" data-orig-file=\"http:\/\/www.chiller.at\/wordpress\/wp-content\/uploads\/2012\/10\/SPb-2012-W3-0024.jpg\" data-orig-size=\"483,700\" data-comments-opened=\"1\" data-image-meta=\"{&quot;aperture&quot;:&quot;9&quot;,&quot;credit&quot;:&quot;Florian Schilling&quot;,&quot;camera&quot;:&quot;Canon EOS 40D&quot;,&quot;caption&quot;:&quot;&quot;,&quot;created_timestamp&quot;:&quot;1345298715&quot;,&quot;copyright&quot;:&quot;\\u00c2\\u00a9 Florian Schilling&quot;,&quot;focal_length&quot;:&quot;29&quot;,&quot;iso&quot;:&quot;100&quot;,&quot;shutter_speed&quot;:&quot;0.004&quot;,&quot;title&quot;:&quot;&quot;}\" data-image-title=\"Impression aus Kronstadt\" data-image-description=\"\" data-medium-file=\"http:\/\/www.chiller.at\/wordpress\/wp-content\/uploads\/2012\/10\/SPb-2012-W3-0024-207x300.jpg\" data-large-file=\"http:\/\/www.chiller.at\/wordpress\/wp-content\/uploads\/2012\/10\/SPb-2012-W3-0024.jpg\" \/><\/a>\n\t\t\t<\/div><\/figure><figure class='gallery-item'>\n\t\t\t<div class='gallery-icon landscape'>\n\t\t\t\t<a href='http:\/\/www.chiller.at\/wordpress\/wp-content\/uploads\/2012\/10\/SPb-2012-W3-0231.jpg'><img width=\"150\" height=\"150\" src=\"http:\/\/www.chiller.at\/wordpress\/wp-content\/uploads\/2012\/10\/SPb-2012-W3-0231-150x150.jpg\" class=\"attachment-thumbnail size-thumbnail\" alt=\"\" loading=\"lazy\" data-attachment-id=\"5232\" data-permalink=\"http:\/\/www.chiller.at\/?attachment_id=5232\" data-orig-file=\"http:\/\/www.chiller.at\/wordpress\/wp-content\/uploads\/2012\/10\/SPb-2012-W3-0231.jpg\" data-orig-size=\"700,467\" data-comments-opened=\"1\" data-image-meta=\"{&quot;aperture&quot;:&quot;2.8&quot;,&quot;credit&quot;:&quot;Florian Schilling&quot;,&quot;camera&quot;:&quot;Canon EOS 40D&quot;,&quot;caption&quot;:&quot;&quot;,&quot;created_timestamp&quot;:&quot;1345481811&quot;,&quot;copyright&quot;:&quot;\\u00c2\\u00a9 Florian Schilling&quot;,&quot;focal_length&quot;:&quot;50&quot;,&quot;iso&quot;:&quot;400&quot;,&quot;shutter_speed&quot;:&quot;0.01&quot;,&quot;title&quot;:&quot;&quot;}\" data-image-title=\"Aserbaidschanische K\u00f6stlichkeiten\" data-image-description=\"\" data-medium-file=\"http:\/\/www.chiller.at\/wordpress\/wp-content\/uploads\/2012\/10\/SPb-2012-W3-0231-300x200.jpg\" data-large-file=\"http:\/\/www.chiller.at\/wordpress\/wp-content\/uploads\/2012\/10\/SPb-2012-W3-0231.jpg\" \/><\/a>\n\t\t\t<\/div><\/figure>\n\t\t<\/div>\n\n","protected":false},"excerpt":{"rendered":"<p>Die dritte und letzte Woche ist wirklich schnell vergangen. Es war gleichzeitig ein kurzer Trip und kam mir so vor als w\u00e4re ich mehrere Monate mit meinen Kolleginnen und Kollegen zusammen gewesen&#8230; Von offizieller Seite besuchten wir das Blockade Museum, ein interessanter und zugleich trauriger Ort und hatten au\u00dferdem Kontakt mit der russischen Seele (laut &hellip; <a href=\"http:\/\/www.chiller.at\/?p=5077\" class=\"more-link\"><span class=\"screen-reader-text\">2012 08 \u2013 Petersburg \u2013 Woche 3, best of\u2026<\/span> weiterlesen <span class=\"meta-nav\">&rarr;<\/span><\/a><\/p>\n","protected":false},"author":1,"featured_media":0,"comment_status":"open","ping_status":"open","sticky":false,"template":"","format":"standard","meta":{"spay_email":"","jetpack_publicize_message":"","jetpack_is_tweetstorm":false},"categories":[285],"tags":[188,269,270,105,245,124,252,251,223,222,243,50,49,86,123,145,52,51,146,186,210,87,253,88,236,185,187,316,80,104,48,89,47,54,53,317],"jetpack_featured_media_url":"","jetpack_publicize_connections":[],"jetpack_sharing_enabled":true,"jetpack_shortlink":"https:\/\/wp.me\/p20QI6-1jT","jetpack_likes_enabled":true,"_links":{"self":[{"href":"http:\/\/www.chiller.at\/index.php?rest_route=\/wp\/v2\/posts\/5077"}],"collection":[{"href":"http:\/\/www.chiller.at\/index.php?rest_route=\/wp\/v2\/posts"}],"about":[{"href":"http:\/\/www.chiller.at\/index.php?rest_route=\/wp\/v2\/types\/post"}],"author":[{"embeddable":true,"href":"http:\/\/www.chiller.at\/index.php?rest_route=\/wp\/v2\/users\/1"}],"replies":[{"embeddable":true,"href":"http:\/\/www.chiller.at\/index.php?rest_route=%2Fwp%2Fv2%2Fcomments&post=5077"}],"version-history":[{"count":0,"href":"http:\/\/www.chiller.at\/index.php?rest_route=\/wp\/v2\/posts\/5077\/revisions"}],"wp:attachment":[{"href":"http:\/\/www.chiller.at\/index.php?rest_route=%2Fwp%2Fv2%2Fmedia&parent=5077"}],"wp:term":[{"taxonomy":"category","embeddable":true,"href":"http:\/\/www.chiller.at\/index.php?rest_route=%2Fwp%2Fv2%2Fcategories&post=5077"},{"taxonomy":"post_tag","embeddable":true,"href":"http:\/\/www.chiller.at\/index.php?rest_route=%2Fwp%2Fv2%2Ftags&post=5077"}],"curies":[{"name":"wp","href":"https:\/\/api.w.org\/{rel}","templated":true}]}}