{"id":5075,"date":"2012-11-26T11:43:04","date_gmt":"2012-11-26T10:43:04","guid":{"rendered":"http:\/\/www.chiller.at\/?p=5075"},"modified":"2013-09-29T22:12:56","modified_gmt":"2013-09-29T20:12:56","slug":"2012-08-petersburg-woche-2-best-of","status":"publish","type":"post","link":"http:\/\/www.chiller.at\/?p=5075","title":{"rendered":"2012 08 \u2013 Petersburg \u2013 Woche 2, best of\u2026"},"content":{"rendered":"<p><strong>Die zweite Woche stand stark im Zeichen der Kultur und meine Kleingruppe war mit der Abendgestaltung in Form eines Cookouts an der Reihe. Daf\u00fcr haben wir uns was ganz besonderes einfallen lassen&#8230;<\/strong><\/p>\n<p>Neben dem politischen Museum machten wir einen Kinobesuch, was wirklich ein\u00a0 besonderes Erlebnis war! Ein ehemaliger Theatersaal mit sehr bequemen dreh- und kippbaren Sesseln und viel Platz auf allen Seiten. Der Film &#8222;\u0420\u0438\u043c\u0441\u043a\u0438\u0435 \u041f\u0440\u0438\u043a\u043b\u044e\u0447\u0435\u043d\u0438\u044f&#8220; (To Rome With Love) war sehr nett und wir hatten keine Probleme dem Russisch zu folgen (die Story kapieren ist eine andere Sache ;)). Kurioses und Abartiges haben wir uns in der \u043a\u0443\u043d\u0441\u0442\u043a\u0430\u043c\u0435\u0440\u0430 (<a title=\"Kunstkammer\" href=\"http:\/\/de.wikipedia.org\/wiki\/Kunstkammer_%28Sankt_Petersburg%29\">Kunstkammer<\/a>) angesehen und auch die \u042d\u0440\u043c\u0438\u0442\u0430\u0436 (<a title=\"Ermitage\" href=\"http:\/\/de.wikipedia.org\/wiki\/Eremitage_%28Sankt_Petersburg%29\">Ermitage<\/a>) wurde nicht verschont. Zur Abrundung unternahmen wir eine Bootsfahrt, spazierten viel, mitunter auch im \u043b\u0435\u0442\u043d\u044b\u0439 \u0441\u0430\u0434 (Sommergarten) und entspannten.<\/p>\n<p><strong>Kunst und ich I<\/strong><\/p>\n<p>Die Exponate in der Ermitage habe ich im Eiltempo an einem Nachmittag komplett durchgeschaut und festgestellt, wie ich zu Kunst stehe. Mir ist egal wer was gemalt hat, wichtig ist, dass mich ein Bild anspricht, Gef\u00fchle erweckt und mich ergreift. Der Stil kann noch so toll sein (laut Kritiken, meiner Bildnerische-Erziehung-Lehrerin und co.), wenn es mir nicht gef\u00e4llt, ist es einfach (f\u00fcr mich) nix besonderes. Gehe ich an einem Bild vorbei und bleibe stehen, dann ist das eine Ehre ;). Praktischerweise zahlen Studierende keinen Eintritt, wobei ich mir nicht sicher bin ob das nur f\u00fcr russische oder allgemein galt. Da gibt es oft Unterschiede.<\/p>\n<p><strong>Unser Abendprogramm &#8211; Cookout<br \/>\n<\/strong><\/p>\n<p>Meine Gruppe hatte als Abendgestaltung gemeinsames Kochen (nach Vorbild des <a title=\"Vernetzung auf der Physik der TU Wien\" href=\"http:\/\/fstph.at\/Service\/CookOut\" target=\"_blank\">Cookouts<\/a>, dass ich auf der TU einf\u00fchrte). Ein kleiner Zickenkrieg und einige Stresssituationen wurden auf dem R\u00fccken meiner \u00f6sterreichischen Kollegin ausgetragen. Alle Versuche sie zu unterst\u00fctzen waren leider vergebens, da ich keinen Zugang zur Ebene des Streits hatte. Vielleicht war es auch besser so. Jedenfalls danke ich ihr sehr f\u00fcr diese intensive Mehrleistung. Chaos durch Sprache\/Missverst\u00e4ndnisse habe ich immer wieder versucht auszur\u00e4umen und alles in allem hatten wir einen gelungenen Abend. Wir haben uns auf alle K\u00fcchen aufgeteilt und gekocht um uns anschlie\u00dfend in der Kantine Durchzukosten. (russische Schwammerlsuppe, Borschtsch, Salat Olivje, Blini, Kaiserschmarren, Spaghetti all\u2019arrabbiata, Kn\u00f6del,&#8230;) Gemeinsam mit ein paar kreativen Leuten habe ich Wiener Schnitzel vom Schwein zubereitet. Die Besonderheit war, dass wir aus Jux und Tollerei (und weil man uns immer r\u00e4t alles zu waschen) das Fleisch mit Vodka gewaschen und nachher (ca. 30 Minuten)\u00a0 darin eingelegt haben. Das Ergebnis war ein leckeres zartes Schnitzel mit speziellem Aroma. Ich kann&#8217;s nur empfehlen das auszuprobieren!<\/p>\n<p><strong>Wochenende und Fortgehen<\/strong><\/p>\n<p>Am Wochenende hatten wir dann einen Ausflug nach <a title=\"Wikipedia - Pushkin\" href=\"http:\/\/de.wikipedia.org\/wiki\/Puschkin_%28Stadt%29\" target=\"_blank\">\u041f\u0443\u0448\u043a\u0438\u043d<\/a> (Pushkin), wo wir eine F\u00fchrung durch den Sommerpalast bekamen und anschlie\u00dfend leider zu wenig Zeit um den Garten\/Park noch anzuschauen. Zur St\u00e4rkung nahmen wir ein gemeinsames Mittagessen in einer Disco ein, was ein ungew\u00f6hnlich aber witziges Ambiente bot.<br \/>\nAm Abend beschloss ich spontan \u00fcber meinen Schatten zu springen und die Anderen beim Fortgehen zu begleiten. Es war ein netter Abend, auch wenn dieser ein bisschen von Kindergartensituationen \u00fcberschattet war und sich die Truppe auf zwei aufgeteilt hat, was nicht komplett ohne Zickereien verlief. Der Ort wo wir landeten war mir nicht ganz geheuer. Eine zwielichtige Gegend, wo eine Disco neu er\u00f6ffnet hatte. Beim Heimgehen durften wir noch eine brutale und blutige Schl\u00e4gerei mitbekommen (einer hatte einen Baseballschl\u00e4ger, viele Tritte, Platzwunden, damische M\u00e4nner, einer ist mit dem Auto provokant und mit ein paar Remplern durch die Menge gefahren,&#8230;).<\/p>\n<p>Ich verstehe nicht wieso Menschen so aggressiv und brutal sein m\u00fcssen\/k\u00f6nnen. Bei solchen Gewalttaten kommt mir immer das Kotzen und ich frage mich, wieso Menschen sowas machen und meine Laune war mies.Das gibt mir immer wieder zu Denken und macht mich auch fertig\/traurig. In Wien erlebt man solche Szenen auch hin und wieder (ich Gottseidank verschwindend selten),\u00a0 hierzulande ist aber doch mehr Polizei innerhalb k\u00fcrzerer Zeit zugegen und nicht nur ein einzelner korpulenter Wachtmeister. Diesen Teil des Programms h\u00e4tten sie sich sparen k\u00f6nnen. Die Gegend ist au\u00dferdem kein Ort, wo es mich je normal hinziehen w\u00fcrde&#8230; Nach Hause nahmen wir die erste Metro um 5:40.<\/p>\n<p><strong>Kulinarisches<\/strong><\/p>\n<p>Zwei Ketten, die mich nicht wirklich \u00fcberzeugen konnten:<\/p>\n<ul>\n<li><a title=\"Teremok - Russische Palatschinkenkette\" href=\"http:\/\/www.teremok.ru\/\" target=\"_blank\">\u0422\u0435\u0440\u0435\u043c\u043e\u043a<\/a> (Teremok) &#8211; eine Kette bei der man haupts\u00e4chlich aber nicht nur diverse \u0411\u043b\u0438\u043d\u044b (Palatschinken\/Cr\u00eape) Gerichte bekommt. Ist in Ordnung aber nicht herausragend.<\/li>\n<li><a title=\"Eurasia - Asia Kette\" href=\"http:\/\/evrasia.spb.ru\/\" target=\"_blank\">\u0415\u0432\u0440\u0430\u0437\u0438\u044f<\/a> (Eurasien) &#8211; Ein Besuch hat gereicht. Nicht wirklich gute asiatische K\u00fcche, vielleicht war es einfach Pech und normal ist sie besser. Vielleicht auch nicht. Irgendwie bin ich nicht sehr gewillt eine zweite Chance einzur\u00e4umen.<\/li>\n<\/ul>\n<p>Nachdem wir uns nach dem Fortgehen ausgeschlafen hatten beschlossen wir Burschen uns was besonderes zu g\u00f6nnen. Ein <a title=\"Georgier\" href=\"http:\/\/triton-restoran.ru\/restaurant\/tbiliso\/\" target=\"_blank\">Georgier<\/a>, der laut Reisef\u00fchrer exzellent sein soll, war wirklich ausgezeichnet und konnte sogar meinen bisherigen Favoriten <a title=\"Tiflis \u2013 gut gew\u00fcrztes Essen in abwechslungsreicher Atmosph\u00e4re\" href=\"http:\/\/www.chiller.at\/?p=2020\">Tiflis<\/a> (Wien, leider zugesperrt) toppen. Eine h\u00e4ufig besuchte Cafeteria mit dem Namen Marketplace (Nevsky Prospekt, 24) kann ich sehr empfehlen, weil gut und g\u00fcnstig.<\/p>\n<p>Einzig wirkliche Schattenseite dieser Woche war neben der Schl\u00e4gerei, dass ich um mein <a title=\"2012 08 \u2013 Petersburg \u2013 Stadt, Gef\u00fchle und Probleme\" href=\"http:\/\/www.chiller.at\/?p=4659\">Telezoom (70-300) erleichtert<\/a> wurde.<br \/>\n<div data-carousel-extra='{\"blog_id\":1,\"permalink\":\"http:\\\/\\\/www.chiller.at\\\/?p=5075\"}' id='gallery-1' class='gallery galleryid-5075 gallery-columns-4 gallery-size-thumbnail'><figure class='gallery-item'>\n\t\t\t<div class='gallery-icon landscape'>\n\t\t\t\t<a href='http:\/\/www.chiller.at\/wordpress\/wp-content\/uploads\/2012\/10\/SPb-2012-W2-9266.jpg'><img width=\"150\" height=\"150\" src=\"http:\/\/www.chiller.at\/wordpress\/wp-content\/uploads\/2012\/10\/SPb-2012-W2-9266-150x150.jpg\" class=\"attachment-thumbnail size-thumbnail\" alt=\"\" loading=\"lazy\" data-attachment-id=\"5079\" data-permalink=\"http:\/\/www.chiller.at\/?attachment_id=5079\" data-orig-file=\"http:\/\/www.chiller.at\/wordpress\/wp-content\/uploads\/2012\/10\/SPb-2012-W2-9266.jpg\" data-orig-size=\"789,480\" data-comments-opened=\"1\" data-image-meta=\"{&quot;aperture&quot;:&quot;2.8&quot;,&quot;credit&quot;:&quot;Florian Schilling&quot;,&quot;camera&quot;:&quot;Canon EOS 40D&quot;,&quot;caption&quot;:&quot;&quot;,&quot;created_timestamp&quot;:&quot;1344352644&quot;,&quot;copyright&quot;:&quot;\\u00c2\\u00a9 Florian Schilling&quot;,&quot;focal_length&quot;:&quot;17&quot;,&quot;iso&quot;:&quot;400&quot;,&quot;shutter_speed&quot;:&quot;0.008&quot;,&quot;title&quot;:&quot;&quot;}\" data-image-title=\"Oft gesehen&#8230; Regen\" data-image-description=\"\" data-medium-file=\"http:\/\/www.chiller.at\/wordpress\/wp-content\/uploads\/2012\/10\/SPb-2012-W2-9266-300x182.jpg\" data-large-file=\"http:\/\/www.chiller.at\/wordpress\/wp-content\/uploads\/2012\/10\/SPb-2012-W2-9266.jpg\" \/><\/a>\n\t\t\t<\/div><\/figure><figure class='gallery-item'>\n\t\t\t<div class='gallery-icon landscape'>\n\t\t\t\t<a href='http:\/\/www.chiller.at\/wordpress\/wp-content\/uploads\/2012\/10\/SPb-2012-W2-9278.jpg'><img width=\"150\" height=\"150\" src=\"http:\/\/www.chiller.at\/wordpress\/wp-content\/uploads\/2012\/10\/SPb-2012-W2-9278-150x150.jpg\" class=\"attachment-thumbnail size-thumbnail\" alt=\"\" loading=\"lazy\" data-attachment-id=\"5081\" data-permalink=\"http:\/\/www.chiller.at\/?attachment_id=5081\" data-orig-file=\"http:\/\/www.chiller.at\/wordpress\/wp-content\/uploads\/2012\/10\/SPb-2012-W2-9278.jpg\" data-orig-size=\"720,480\" data-comments-opened=\"1\" data-image-meta=\"{&quot;aperture&quot;:&quot;2.8&quot;,&quot;credit&quot;:&quot;Florian Schilling&quot;,&quot;camera&quot;:&quot;Canon EOS 40D&quot;,&quot;caption&quot;:&quot;&quot;,&quot;created_timestamp&quot;:&quot;1344358055&quot;,&quot;copyright&quot;:&quot;\\u00c2\\u00a9 Florian Schilling&quot;,&quot;focal_length&quot;:&quot;17&quot;,&quot;iso&quot;:&quot;3200&quot;,&quot;shutter_speed&quot;:&quot;0.016666666666667&quot;,&quot;title&quot;:&quot;&quot;}\" data-image-title=\"Kinosaal\" data-image-description=\"\" data-medium-file=\"http:\/\/www.chiller.at\/wordpress\/wp-content\/uploads\/2012\/10\/SPb-2012-W2-9278-300x200.jpg\" data-large-file=\"http:\/\/www.chiller.at\/wordpress\/wp-content\/uploads\/2012\/10\/SPb-2012-W2-9278.jpg\" \/><\/a>\n\t\t\t<\/div><\/figure><figure class='gallery-item'>\n\t\t\t<div class='gallery-icon landscape'>\n\t\t\t\t<a href='http:\/\/www.chiller.at\/wordpress\/wp-content\/uploads\/2012\/10\/SPb-2012-W2-9268.jpg'><img width=\"150\" height=\"150\" src=\"http:\/\/www.chiller.at\/wordpress\/wp-content\/uploads\/2012\/10\/SPb-2012-W2-9268-150x150.jpg\" class=\"attachment-thumbnail size-thumbnail\" alt=\"\" loading=\"lazy\" data-attachment-id=\"5080\" data-permalink=\"http:\/\/www.chiller.at\/?attachment_id=5080\" data-orig-file=\"http:\/\/www.chiller.at\/wordpress\/wp-content\/uploads\/2012\/10\/SPb-2012-W2-9268.jpg\" data-orig-size=\"720,480\" data-comments-opened=\"1\" data-image-meta=\"{&quot;aperture&quot;:&quot;2.8&quot;,&quot;credit&quot;:&quot;Florian Schilling&quot;,&quot;camera&quot;:&quot;Canon EOS 40D&quot;,&quot;caption&quot;:&quot;&quot;,&quot;created_timestamp&quot;:&quot;1344355306&quot;,&quot;copyright&quot;:&quot;\\u00c2\\u00a9 Florian Schilling&quot;,&quot;focal_length&quot;:&quot;17&quot;,&quot;iso&quot;:&quot;1250&quot;,&quot;shutter_speed&quot;:&quot;0.016666666666667&quot;,&quot;title&quot;:&quot;&quot;}\" data-image-title=\"Eingangsbereich Kino\" data-image-description=\"\" data-medium-file=\"http:\/\/www.chiller.at\/wordpress\/wp-content\/uploads\/2012\/10\/SPb-2012-W2-9268-300x200.jpg\" data-large-file=\"http:\/\/www.chiller.at\/wordpress\/wp-content\/uploads\/2012\/10\/SPb-2012-W2-9268.jpg\" \/><\/a>\n\t\t\t<\/div><\/figure><figure class='gallery-item'>\n\t\t\t<div class='gallery-icon landscape'>\n\t\t\t\t<a href='http:\/\/www.chiller.at\/wordpress\/wp-content\/uploads\/2012\/10\/SPb-2012-W2-9286.jpg'><img width=\"150\" height=\"150\" src=\"http:\/\/www.chiller.at\/wordpress\/wp-content\/uploads\/2012\/10\/SPb-2012-W2-9286-150x150.jpg\" class=\"attachment-thumbnail size-thumbnail\" alt=\"\" loading=\"lazy\" data-attachment-id=\"5082\" data-permalink=\"http:\/\/www.chiller.at\/?attachment_id=5082\" data-orig-file=\"http:\/\/www.chiller.at\/wordpress\/wp-content\/uploads\/2012\/10\/SPb-2012-W2-9286.jpg\" data-orig-size=\"800,480\" data-comments-opened=\"1\" data-image-meta=\"{&quot;aperture&quot;:&quot;8&quot;,&quot;credit&quot;:&quot;Florian Schilling&quot;,&quot;camera&quot;:&quot;Canon EOS 40D&quot;,&quot;caption&quot;:&quot;&quot;,&quot;created_timestamp&quot;:&quot;1344435276&quot;,&quot;copyright&quot;:&quot;\\u00c2\\u00a9 Florian Schilling&quot;,&quot;focal_length&quot;:&quot;26&quot;,&quot;iso&quot;:&quot;100&quot;,&quot;shutter_speed&quot;:&quot;0.0015625&quot;,&quot;title&quot;:&quot;&quot;}\" data-image-title=\"Kunstkammer\" data-image-description=\"\" data-medium-file=\"http:\/\/www.chiller.at\/wordpress\/wp-content\/uploads\/2012\/10\/SPb-2012-W2-9286-300x180.jpg\" data-large-file=\"http:\/\/www.chiller.at\/wordpress\/wp-content\/uploads\/2012\/10\/SPb-2012-W2-9286.jpg\" \/><\/a>\n\t\t\t<\/div><\/figure><figure class='gallery-item'>\n\t\t\t<div class='gallery-icon portrait'>\n\t\t\t\t<a href='http:\/\/www.chiller.at\/wordpress\/wp-content\/uploads\/2012\/10\/SPb-2012-W2-9689.jpg'><img width=\"150\" height=\"150\" src=\"http:\/\/www.chiller.at\/wordpress\/wp-content\/uploads\/2012\/10\/SPb-2012-W2-9689-150x150.jpg\" class=\"attachment-thumbnail size-thumbnail\" alt=\"\" loading=\"lazy\" data-attachment-id=\"5113\" data-permalink=\"http:\/\/www.chiller.at\/?attachment_id=5113\" data-orig-file=\"http:\/\/www.chiller.at\/wordpress\/wp-content\/uploads\/2012\/10\/SPb-2012-W2-9689.jpg\" data-orig-size=\"480,513\" data-comments-opened=\"1\" data-image-meta=\"{&quot;aperture&quot;:&quot;7.1&quot;,&quot;credit&quot;:&quot;Florian Schilling&quot;,&quot;camera&quot;:&quot;Canon EOS 40D&quot;,&quot;caption&quot;:&quot;&quot;,&quot;created_timestamp&quot;:&quot;1344878262&quot;,&quot;copyright&quot;:&quot;\\u00c2\\u00a9 Florian Schilling&quot;,&quot;focal_length&quot;:&quot;50&quot;,&quot;iso&quot;:&quot;100&quot;,&quot;shutter_speed&quot;:&quot;0.002&quot;,&quot;title&quot;:&quot;&quot;}\" data-image-title=\"gef\u00e4hrliches Pflaster in Sankt Petersburg\" data-image-description=\"\" data-medium-file=\"http:\/\/www.chiller.at\/wordpress\/wp-content\/uploads\/2012\/10\/SPb-2012-W2-9689-280x300.jpg\" data-large-file=\"http:\/\/www.chiller.at\/wordpress\/wp-content\/uploads\/2012\/10\/SPb-2012-W2-9689.jpg\" \/><\/a>\n\t\t\t<\/div><\/figure><figure class='gallery-item'>\n\t\t\t<div class='gallery-icon landscape'>\n\t\t\t\t<a href='http:\/\/www.chiller.at\/wordpress\/wp-content\/uploads\/2012\/10\/SPb-2012-W2-9292.jpg'><img width=\"150\" height=\"150\" src=\"http:\/\/www.chiller.at\/wordpress\/wp-content\/uploads\/2012\/10\/SPb-2012-W2-9292-150x150.jpg\" class=\"attachment-thumbnail size-thumbnail\" alt=\"\" loading=\"lazy\" data-attachment-id=\"5083\" data-permalink=\"http:\/\/www.chiller.at\/?attachment_id=5083\" data-orig-file=\"http:\/\/www.chiller.at\/wordpress\/wp-content\/uploads\/2012\/10\/SPb-2012-W2-9292.jpg\" data-orig-size=\"541,480\" data-comments-opened=\"1\" data-image-meta=\"{&quot;aperture&quot;:&quot;7.1&quot;,&quot;credit&quot;:&quot;Florian Schilling&quot;,&quot;camera&quot;:&quot;Canon EOS 40D&quot;,&quot;caption&quot;:&quot;&quot;,&quot;created_timestamp&quot;:&quot;1344435757&quot;,&quot;copyright&quot;:&quot;\\u00c2\\u00a9 Florian Schilling&quot;,&quot;focal_length&quot;:&quot;17&quot;,&quot;iso&quot;:&quot;100&quot;,&quot;shutter_speed&quot;:&quot;0.00625&quot;,&quot;title&quot;:&quot;&quot;}\" data-image-title=\"Wellblech Baustelle, wie in Odessa :)\" data-image-description=\"\" data-medium-file=\"http:\/\/www.chiller.at\/wordpress\/wp-content\/uploads\/2012\/10\/SPb-2012-W2-9292-300x266.jpg\" data-large-file=\"http:\/\/www.chiller.at\/wordpress\/wp-content\/uploads\/2012\/10\/SPb-2012-W2-9292.jpg\" \/><\/a>\n\t\t\t<\/div><\/figure><figure class='gallery-item'>\n\t\t\t<div class='gallery-icon landscape'>\n\t\t\t\t<a href='http:\/\/www.chiller.at\/wordpress\/wp-content\/uploads\/2012\/10\/SPb-2012-W2-9313.jpg'><img width=\"150\" height=\"150\" src=\"http:\/\/www.chiller.at\/wordpress\/wp-content\/uploads\/2012\/10\/SPb-2012-W2-9313-150x150.jpg\" class=\"attachment-thumbnail size-thumbnail\" alt=\"\" loading=\"lazy\" data-attachment-id=\"5084\" data-permalink=\"http:\/\/www.chiller.at\/?attachment_id=5084\" data-orig-file=\"http:\/\/www.chiller.at\/wordpress\/wp-content\/uploads\/2012\/10\/SPb-2012-W2-9313.jpg\" data-orig-size=\"686,480\" data-comments-opened=\"1\" data-image-meta=\"{&quot;aperture&quot;:&quot;8&quot;,&quot;credit&quot;:&quot;Florian Schilling&quot;,&quot;camera&quot;:&quot;Canon EOS 40D&quot;,&quot;caption&quot;:&quot;&quot;,&quot;created_timestamp&quot;:&quot;1344610397&quot;,&quot;copyright&quot;:&quot;\\u00c2\\u00a9 Florian Schilling&quot;,&quot;focal_length&quot;:&quot;17&quot;,&quot;iso&quot;:&quot;100&quot;,&quot;shutter_speed&quot;:&quot;0.005&quot;,&quot;title&quot;:&quot;&quot;}\" data-image-title=\"Blick aus dem Ermitage-Fenster\" data-image-description=\"\" data-medium-file=\"http:\/\/www.chiller.at\/wordpress\/wp-content\/uploads\/2012\/10\/SPb-2012-W2-9313-300x209.jpg\" data-large-file=\"http:\/\/www.chiller.at\/wordpress\/wp-content\/uploads\/2012\/10\/SPb-2012-W2-9313.jpg\" \/><\/a>\n\t\t\t<\/div><\/figure><figure class='gallery-item'>\n\t\t\t<div class='gallery-icon landscape'>\n\t\t\t\t<a href='http:\/\/www.chiller.at\/wordpress\/wp-content\/uploads\/2012\/10\/SPb-2012-W2-9344.jpg'><img width=\"150\" height=\"150\" src=\"http:\/\/www.chiller.at\/wordpress\/wp-content\/uploads\/2012\/10\/SPb-2012-W2-9344-150x150.jpg\" class=\"attachment-thumbnail size-thumbnail\" alt=\"\" loading=\"lazy\" data-attachment-id=\"5086\" data-permalink=\"http:\/\/www.chiller.at\/?attachment_id=5086\" data-orig-file=\"http:\/\/www.chiller.at\/wordpress\/wp-content\/uploads\/2012\/10\/SPb-2012-W2-9344.jpg\" data-orig-size=\"780,480\" data-comments-opened=\"1\" data-image-meta=\"{&quot;aperture&quot;:&quot;8&quot;,&quot;credit&quot;:&quot;Florian Schilling&quot;,&quot;camera&quot;:&quot;Canon EOS 40D&quot;,&quot;caption&quot;:&quot;&quot;,&quot;created_timestamp&quot;:&quot;1344673382&quot;,&quot;copyright&quot;:&quot;\\u00c2\\u00a9 Florian Schilling&quot;,&quot;focal_length&quot;:&quot;50&quot;,&quot;iso&quot;:&quot;100&quot;,&quot;shutter_speed&quot;:&quot;0.002&quot;,&quot;title&quot;:&quot;&quot;}\" data-image-title=\"Ein Sturm zieht auf\" data-image-description=\"\" data-medium-file=\"http:\/\/www.chiller.at\/wordpress\/wp-content\/uploads\/2012\/10\/SPb-2012-W2-9344-300x184.jpg\" data-large-file=\"http:\/\/www.chiller.at\/wordpress\/wp-content\/uploads\/2012\/10\/SPb-2012-W2-9344.jpg\" \/><\/a>\n\t\t\t<\/div><\/figure><figure class='gallery-item'>\n\t\t\t<div class='gallery-icon landscape'>\n\t\t\t\t<a href='http:\/\/www.chiller.at\/wordpress\/wp-content\/uploads\/2012\/10\/SPb-2012-W2-9372.jpg'><img width=\"150\" height=\"150\" src=\"http:\/\/www.chiller.at\/wordpress\/wp-content\/uploads\/2012\/10\/SPb-2012-W2-9372-150x150.jpg\" class=\"attachment-thumbnail size-thumbnail\" alt=\"\" loading=\"lazy\" data-attachment-id=\"5089\" data-permalink=\"http:\/\/www.chiller.at\/?attachment_id=5089\" data-orig-file=\"http:\/\/www.chiller.at\/wordpress\/wp-content\/uploads\/2012\/10\/SPb-2012-W2-9372.jpg\" data-orig-size=\"598,480\" data-comments-opened=\"1\" data-image-meta=\"{&quot;aperture&quot;:&quot;2.8&quot;,&quot;credit&quot;:&quot;Florian Schilling&quot;,&quot;camera&quot;:&quot;Canon EOS 40D&quot;,&quot;caption&quot;:&quot;&quot;,&quot;created_timestamp&quot;:&quot;1344674862&quot;,&quot;copyright&quot;:&quot;\\u00c2\\u00a9 Florian Schilling&quot;,&quot;focal_length&quot;:&quot;50&quot;,&quot;iso&quot;:&quot;100&quot;,&quot;shutter_speed&quot;:&quot;0.0025&quot;,&quot;title&quot;:&quot;&quot;}\" data-image-title=\"Prunk\" data-image-description=\"\" data-medium-file=\"http:\/\/www.chiller.at\/wordpress\/wp-content\/uploads\/2012\/10\/SPb-2012-W2-9372-300x240.jpg\" data-large-file=\"http:\/\/www.chiller.at\/wordpress\/wp-content\/uploads\/2012\/10\/SPb-2012-W2-9372.jpg\" \/><\/a>\n\t\t\t<\/div><\/figure><figure class='gallery-item'>\n\t\t\t<div class='gallery-icon portrait'>\n\t\t\t\t<a href='http:\/\/www.chiller.at\/wordpress\/wp-content\/uploads\/2012\/10\/SPb-2012-W2-9377.jpg'><img width=\"150\" height=\"150\" src=\"http:\/\/www.chiller.at\/wordpress\/wp-content\/uploads\/2012\/10\/SPb-2012-W2-9377-150x150.jpg\" class=\"attachment-thumbnail size-thumbnail\" alt=\"\" loading=\"lazy\" data-attachment-id=\"5091\" data-permalink=\"http:\/\/www.chiller.at\/?attachment_id=5091\" data-orig-file=\"http:\/\/www.chiller.at\/wordpress\/wp-content\/uploads\/2012\/10\/SPb-2012-W2-9377.jpg\" data-orig-size=\"480,763\" data-comments-opened=\"1\" data-image-meta=\"{&quot;aperture&quot;:&quot;2.8&quot;,&quot;credit&quot;:&quot;Florian Schilling&quot;,&quot;camera&quot;:&quot;Canon EOS 40D&quot;,&quot;caption&quot;:&quot;&quot;,&quot;created_timestamp&quot;:&quot;1344674992&quot;,&quot;copyright&quot;:&quot;\\u00c2\\u00a9 Florian Schilling&quot;,&quot;focal_length&quot;:&quot;50&quot;,&quot;iso&quot;:&quot;100&quot;,&quot;shutter_speed&quot;:&quot;0.002&quot;,&quot;title&quot;:&quot;&quot;}\" data-image-title=\"Band beim Palasteingang\" data-image-description=\"\" data-medium-file=\"http:\/\/www.chiller.at\/wordpress\/wp-content\/uploads\/2012\/10\/SPb-2012-W2-9377-188x300.jpg\" data-large-file=\"http:\/\/www.chiller.at\/wordpress\/wp-content\/uploads\/2012\/10\/SPb-2012-W2-9377.jpg\" \/><\/a>\n\t\t\t<\/div><\/figure><figure class='gallery-item'>\n\t\t\t<div class='gallery-icon landscape'>\n\t\t\t\t<a href='http:\/\/www.chiller.at\/wordpress\/wp-content\/uploads\/2012\/10\/SPb-2012-W2-9474.jpg'><img width=\"150\" height=\"150\" src=\"http:\/\/www.chiller.at\/wordpress\/wp-content\/uploads\/2012\/10\/SPb-2012-W2-9474-150x150.jpg\" class=\"attachment-thumbnail size-thumbnail\" alt=\"\" loading=\"lazy\" data-attachment-id=\"5092\" data-permalink=\"http:\/\/www.chiller.at\/?attachment_id=5092\" data-orig-file=\"http:\/\/www.chiller.at\/wordpress\/wp-content\/uploads\/2012\/10\/SPb-2012-W2-9474.jpg\" data-orig-size=\"703,480\" data-comments-opened=\"1\" data-image-meta=\"{&quot;aperture&quot;:&quot;5.6&quot;,&quot;credit&quot;:&quot;Florian Schilling&quot;,&quot;camera&quot;:&quot;Canon EOS 40D&quot;,&quot;caption&quot;:&quot;&quot;,&quot;created_timestamp&quot;:&quot;1344681425&quot;,&quot;copyright&quot;:&quot;\\u00c2\\u00a9 Florian Schilling&quot;,&quot;focal_length&quot;:&quot;35&quot;,&quot;iso&quot;:&quot;100&quot;,&quot;shutter_speed&quot;:&quot;0.0025&quot;,&quot;title&quot;:&quot;&quot;}\" data-image-title=\"D\u00fcstere Stimmung\" data-image-description=\"\" data-medium-file=\"http:\/\/www.chiller.at\/wordpress\/wp-content\/uploads\/2012\/10\/SPb-2012-W2-9474-300x204.jpg\" data-large-file=\"http:\/\/www.chiller.at\/wordpress\/wp-content\/uploads\/2012\/10\/SPb-2012-W2-9474.jpg\" \/><\/a>\n\t\t\t<\/div><\/figure><figure class='gallery-item'>\n\t\t\t<div class='gallery-icon landscape'>\n\t\t\t\t<a href='http:\/\/www.chiller.at\/wordpress\/wp-content\/uploads\/2012\/10\/SPb-2012-W2-9493.jpg'><img width=\"150\" height=\"150\" src=\"http:\/\/www.chiller.at\/wordpress\/wp-content\/uploads\/2012\/10\/SPb-2012-W2-9493-150x150.jpg\" class=\"attachment-thumbnail size-thumbnail\" alt=\"\" loading=\"lazy\" data-attachment-id=\"5095\" data-permalink=\"http:\/\/www.chiller.at\/?attachment_id=5095\" data-orig-file=\"http:\/\/www.chiller.at\/wordpress\/wp-content\/uploads\/2012\/10\/SPb-2012-W2-9493.jpg\" data-orig-size=\"966,480\" data-comments-opened=\"1\" data-image-meta=\"{&quot;aperture&quot;:&quot;10&quot;,&quot;credit&quot;:&quot;Florian Schilling&quot;,&quot;camera&quot;:&quot;Canon EOS 40D&quot;,&quot;caption&quot;:&quot;&quot;,&quot;created_timestamp&quot;:&quot;1344682515&quot;,&quot;copyright&quot;:&quot;\\u00c2\\u00a9 Florian Schilling&quot;,&quot;focal_length&quot;:&quot;28&quot;,&quot;iso&quot;:&quot;100&quot;,&quot;shutter_speed&quot;:&quot;0.005&quot;,&quot;title&quot;:&quot;&quot;}\" data-image-title=\"Ehemaliges Badehaus im Sommerpalast\" data-image-description=\"\" data-medium-file=\"http:\/\/www.chiller.at\/wordpress\/wp-content\/uploads\/2012\/10\/SPb-2012-W2-9493-300x149.jpg\" data-large-file=\"http:\/\/www.chiller.at\/wordpress\/wp-content\/uploads\/2012\/10\/SPb-2012-W2-9493-800x397.jpg\" \/><\/a>\n\t\t\t<\/div><\/figure><figure class='gallery-item'>\n\t\t\t<div class='gallery-icon landscape'>\n\t\t\t\t<a href='http:\/\/www.chiller.at\/wordpress\/wp-content\/uploads\/2012\/10\/SPb-2012-W2-9367.jpg'><img width=\"150\" height=\"150\" src=\"http:\/\/www.chiller.at\/wordpress\/wp-content\/uploads\/2012\/10\/SPb-2012-W2-9367-150x150.jpg\" class=\"attachment-thumbnail size-thumbnail\" alt=\"\" loading=\"lazy\" data-attachment-id=\"5088\" data-permalink=\"http:\/\/www.chiller.at\/?attachment_id=5088\" data-orig-file=\"http:\/\/www.chiller.at\/wordpress\/wp-content\/uploads\/2012\/10\/SPb-2012-W2-9367.jpg\" data-orig-size=\"921,480\" data-comments-opened=\"1\" data-image-meta=\"{&quot;aperture&quot;:&quot;8&quot;,&quot;credit&quot;:&quot;Florian Schilling&quot;,&quot;camera&quot;:&quot;Canon EOS 40D&quot;,&quot;caption&quot;:&quot;&quot;,&quot;created_timestamp&quot;:&quot;1344674693&quot;,&quot;copyright&quot;:&quot;\\u00c2\\u00a9 Florian Schilling&quot;,&quot;focal_length&quot;:&quot;10&quot;,&quot;iso&quot;:&quot;100&quot;,&quot;shutter_speed&quot;:&quot;0.005&quot;,&quot;title&quot;:&quot;&quot;}\" data-image-title=\"Palastpanorama\" data-image-description=\"\" data-medium-file=\"http:\/\/www.chiller.at\/wordpress\/wp-content\/uploads\/2012\/10\/SPb-2012-W2-9367-300x156.jpg\" data-large-file=\"http:\/\/www.chiller.at\/wordpress\/wp-content\/uploads\/2012\/10\/SPb-2012-W2-9367-800x416.jpg\" \/><\/a>\n\t\t\t<\/div><\/figure><figure class='gallery-item'>\n\t\t\t<div class='gallery-icon landscape'>\n\t\t\t\t<a href='http:\/\/www.chiller.at\/wordpress\/wp-content\/uploads\/2012\/10\/SPb-2012-W2-9509.jpg'><img width=\"150\" height=\"150\" src=\"http:\/\/www.chiller.at\/wordpress\/wp-content\/uploads\/2012\/10\/SPb-2012-W2-9509-150x150.jpg\" class=\"attachment-thumbnail size-thumbnail\" alt=\"\" loading=\"lazy\" data-attachment-id=\"5097\" data-permalink=\"http:\/\/www.chiller.at\/?attachment_id=5097\" data-orig-file=\"http:\/\/www.chiller.at\/wordpress\/wp-content\/uploads\/2012\/10\/SPb-2012-W2-9509.jpg\" data-orig-size=\"755,480\" data-comments-opened=\"1\" data-image-meta=\"{&quot;aperture&quot;:&quot;2.8&quot;,&quot;credit&quot;:&quot;Florian Schilling&quot;,&quot;camera&quot;:&quot;Canon EOS 40D&quot;,&quot;caption&quot;:&quot;&quot;,&quot;created_timestamp&quot;:&quot;1344688608&quot;,&quot;copyright&quot;:&quot;\\u00c2\\u00a9 Florian Schilling&quot;,&quot;focal_length&quot;:&quot;50&quot;,&quot;iso&quot;:&quot;100&quot;,&quot;shutter_speed&quot;:&quot;0.002&quot;,&quot;title&quot;:&quot;&quot;}\" data-image-title=\"M\u00fcdigkeit in der K\u00e4lte\" data-image-description=\"\" data-medium-file=\"http:\/\/www.chiller.at\/wordpress\/wp-content\/uploads\/2012\/10\/SPb-2012-W2-9509-300x190.jpg\" data-large-file=\"http:\/\/www.chiller.at\/wordpress\/wp-content\/uploads\/2012\/10\/SPb-2012-W2-9509.jpg\" \/><\/a>\n\t\t\t<\/div><\/figure><figure class='gallery-item'>\n\t\t\t<div class='gallery-icon landscape'>\n\t\t\t\t<a href='http:\/\/www.chiller.at\/wordpress\/wp-content\/uploads\/2012\/10\/SPb-2012-W2-9516.jpg'><img width=\"150\" height=\"150\" src=\"http:\/\/www.chiller.at\/wordpress\/wp-content\/uploads\/2012\/10\/SPb-2012-W2-9516-150x150.jpg\" class=\"attachment-thumbnail size-thumbnail\" alt=\"\" loading=\"lazy\" data-attachment-id=\"5098\" data-permalink=\"http:\/\/www.chiller.at\/?attachment_id=5098\" data-orig-file=\"http:\/\/www.chiller.at\/wordpress\/wp-content\/uploads\/2012\/10\/SPb-2012-W2-9516.jpg\" data-orig-size=\"787,480\" data-comments-opened=\"1\" data-image-meta=\"{&quot;aperture&quot;:&quot;2.8&quot;,&quot;credit&quot;:&quot;Florian Schilling&quot;,&quot;camera&quot;:&quot;Canon EOS 40D&quot;,&quot;caption&quot;:&quot;&quot;,&quot;created_timestamp&quot;:&quot;1344688776&quot;,&quot;copyright&quot;:&quot;\\u00c2\\u00a9 Florian Schilling&quot;,&quot;focal_length&quot;:&quot;50&quot;,&quot;iso&quot;:&quot;100&quot;,&quot;shutter_speed&quot;:&quot;0.00125&quot;,&quot;title&quot;:&quot;&quot;}\" data-image-title=\"Spa\u00df und&#8230;\" data-image-description=\"\" data-medium-file=\"http:\/\/www.chiller.at\/wordpress\/wp-content\/uploads\/2012\/10\/SPb-2012-W2-9516-300x182.jpg\" data-large-file=\"http:\/\/www.chiller.at\/wordpress\/wp-content\/uploads\/2012\/10\/SPb-2012-W2-9516.jpg\" \/><\/a>\n\t\t\t<\/div><\/figure><figure class='gallery-item'>\n\t\t\t<div class='gallery-icon landscape'>\n\t\t\t\t<a href='http:\/\/www.chiller.at\/wordpress\/wp-content\/uploads\/2012\/10\/SPb-2012-W2-9488.jpg'><img width=\"150\" height=\"150\" src=\"http:\/\/www.chiller.at\/wordpress\/wp-content\/uploads\/2012\/10\/SPb-2012-W2-9488-150x150.jpg\" class=\"attachment-thumbnail size-thumbnail\" alt=\"\" loading=\"lazy\" data-attachment-id=\"5094\" data-permalink=\"http:\/\/www.chiller.at\/?attachment_id=5094\" data-orig-file=\"http:\/\/www.chiller.at\/wordpress\/wp-content\/uploads\/2012\/10\/SPb-2012-W2-9488.jpg\" data-orig-size=\"720,480\" data-comments-opened=\"1\" data-image-meta=\"{&quot;aperture&quot;:&quot;10&quot;,&quot;credit&quot;:&quot;Florian Schilling&quot;,&quot;camera&quot;:&quot;Canon EOS 40D&quot;,&quot;caption&quot;:&quot;&quot;,&quot;created_timestamp&quot;:&quot;1344682181&quot;,&quot;copyright&quot;:&quot;\\u00c2\\u00a9 Florian Schilling&quot;,&quot;focal_length&quot;:&quot;31&quot;,&quot;iso&quot;:&quot;100&quot;,&quot;shutter_speed&quot;:&quot;0.01&quot;,&quot;title&quot;:&quot;&quot;}\" data-image-title=\"Seeblick im Garten des Palastes\" data-image-description=\"\" data-medium-file=\"http:\/\/www.chiller.at\/wordpress\/wp-content\/uploads\/2012\/10\/SPb-2012-W2-9488-300x200.jpg\" data-large-file=\"http:\/\/www.chiller.at\/wordpress\/wp-content\/uploads\/2012\/10\/SPb-2012-W2-9488.jpg\" \/><\/a>\n\t\t\t<\/div><\/figure><figure class='gallery-item'>\n\t\t\t<div class='gallery-icon landscape'>\n\t\t\t\t<a href='http:\/\/www.chiller.at\/wordpress\/wp-content\/uploads\/2012\/10\/SPb-2012-W2-9364.jpg'><img width=\"150\" height=\"150\" src=\"http:\/\/www.chiller.at\/wordpress\/wp-content\/uploads\/2012\/10\/SPb-2012-W2-9364-150x150.jpg\" class=\"attachment-thumbnail size-thumbnail\" alt=\"\" loading=\"lazy\" data-attachment-id=\"5087\" data-permalink=\"http:\/\/www.chiller.at\/?attachment_id=5087\" data-orig-file=\"http:\/\/www.chiller.at\/wordpress\/wp-content\/uploads\/2012\/10\/SPb-2012-W2-9364.jpg\" data-orig-size=\"1058,480\" data-comments-opened=\"1\" data-image-meta=\"{&quot;aperture&quot;:&quot;8&quot;,&quot;credit&quot;:&quot;Florian Schilling&quot;,&quot;camera&quot;:&quot;Canon EOS 40D&quot;,&quot;caption&quot;:&quot;&quot;,&quot;created_timestamp&quot;:&quot;1344674613&quot;,&quot;copyright&quot;:&quot;\\u00c2\\u00a9 Florian Schilling&quot;,&quot;focal_length&quot;:&quot;10&quot;,&quot;iso&quot;:&quot;100&quot;,&quot;shutter_speed&quot;:&quot;0.005&quot;,&quot;title&quot;:&quot;&quot;}\" data-image-title=\"Die Gartenallee\" data-image-description=\"\" data-medium-file=\"http:\/\/www.chiller.at\/wordpress\/wp-content\/uploads\/2012\/10\/SPb-2012-W2-9364-300x136.jpg\" data-large-file=\"http:\/\/www.chiller.at\/wordpress\/wp-content\/uploads\/2012\/10\/SPb-2012-W2-9364-800x362.jpg\" \/><\/a>\n\t\t\t<\/div><\/figure><figure class='gallery-item'>\n\t\t\t<div class='gallery-icon portrait'>\n\t\t\t\t<a href='http:\/\/www.chiller.at\/wordpress\/wp-content\/uploads\/2012\/10\/SPb-2012-W2-9494.jpg'><img width=\"150\" height=\"150\" src=\"http:\/\/www.chiller.at\/wordpress\/wp-content\/uploads\/2012\/10\/SPb-2012-W2-9494-150x150.jpg\" class=\"attachment-thumbnail size-thumbnail\" alt=\"\" loading=\"lazy\" data-attachment-id=\"5096\" data-permalink=\"http:\/\/www.chiller.at\/?attachment_id=5096\" data-orig-file=\"http:\/\/www.chiller.at\/wordpress\/wp-content\/uploads\/2012\/10\/SPb-2012-W2-9494.jpg\" data-orig-size=\"480,642\" data-comments-opened=\"1\" data-image-meta=\"{&quot;aperture&quot;:&quot;10&quot;,&quot;credit&quot;:&quot;Florian Schilling&quot;,&quot;camera&quot;:&quot;Canon EOS 40D&quot;,&quot;caption&quot;:&quot;&quot;,&quot;created_timestamp&quot;:&quot;1344682620&quot;,&quot;copyright&quot;:&quot;\\u00c2\\u00a9 Florian Schilling&quot;,&quot;focal_length&quot;:&quot;33&quot;,&quot;iso&quot;:&quot;100&quot;,&quot;shutter_speed&quot;:&quot;0.005&quot;,&quot;title&quot;:&quot;&quot;}\" data-image-title=\"Sch\u00f6n gepflegte G\u00e4rten und weniger Gold als in Peterhof (zumindest drau\u00dfen) bietet der Sommerpalast\" data-image-description=\"\" data-medium-file=\"http:\/\/www.chiller.at\/wordpress\/wp-content\/uploads\/2012\/10\/SPb-2012-W2-9494-224x300.jpg\" data-large-file=\"http:\/\/www.chiller.at\/wordpress\/wp-content\/uploads\/2012\/10\/SPb-2012-W2-9494.jpg\" \/><\/a>\n\t\t\t<\/div><\/figure><figure class='gallery-item'>\n\t\t\t<div class='gallery-icon landscape'>\n\t\t\t\t<a href='http:\/\/www.chiller.at\/wordpress\/wp-content\/uploads\/2012\/10\/SPb-2012-W2-9322.jpg'><img width=\"150\" height=\"150\" src=\"http:\/\/www.chiller.at\/wordpress\/wp-content\/uploads\/2012\/10\/SPb-2012-W2-9322-150x150.jpg\" class=\"attachment-thumbnail size-thumbnail\" alt=\"\" loading=\"lazy\" data-attachment-id=\"5085\" data-permalink=\"http:\/\/www.chiller.at\/?attachment_id=5085\" data-orig-file=\"http:\/\/www.chiller.at\/wordpress\/wp-content\/uploads\/2012\/10\/SPb-2012-W2-9322.jpg\" data-orig-size=\"794,480\" data-comments-opened=\"1\" data-image-meta=\"{&quot;aperture&quot;:&quot;6.3&quot;,&quot;credit&quot;:&quot;Florian Schilling&quot;,&quot;camera&quot;:&quot;Canon EOS 40D&quot;,&quot;caption&quot;:&quot;&quot;,&quot;created_timestamp&quot;:&quot;1344672104&quot;,&quot;copyright&quot;:&quot;\\u00c2\\u00a9 Florian Schilling&quot;,&quot;focal_length&quot;:&quot;10&quot;,&quot;iso&quot;:&quot;100&quot;,&quot;shutter_speed&quot;:&quot;0.005&quot;,&quot;title&quot;:&quot;&quot;}\" data-image-title=\"Referat &#8211; Kalt wars\" data-image-description=\"\" data-medium-file=\"http:\/\/www.chiller.at\/wordpress\/wp-content\/uploads\/2012\/10\/SPb-2012-W2-9322-300x181.jpg\" data-large-file=\"http:\/\/www.chiller.at\/wordpress\/wp-content\/uploads\/2012\/10\/SPb-2012-W2-9322.jpg\" \/><\/a>\n\t\t\t<\/div><\/figure><figure class='gallery-item'>\n\t\t\t<div class='gallery-icon portrait'>\n\t\t\t\t<a href='http:\/\/www.chiller.at\/wordpress\/wp-content\/uploads\/2012\/10\/SPb-2012-W2-9544-2.jpg'><img width=\"150\" height=\"150\" src=\"http:\/\/www.chiller.at\/wordpress\/wp-content\/uploads\/2012\/10\/SPb-2012-W2-9544-2-150x150.jpg\" class=\"attachment-thumbnail size-thumbnail\" alt=\"\" loading=\"lazy\" data-attachment-id=\"5100\" data-permalink=\"http:\/\/www.chiller.at\/?attachment_id=5100\" data-orig-file=\"http:\/\/www.chiller.at\/wordpress\/wp-content\/uploads\/2012\/10\/SPb-2012-W2-9544-2.jpg\" data-orig-size=\"480,651\" data-comments-opened=\"1\" data-image-meta=\"{&quot;aperture&quot;:&quot;8&quot;,&quot;credit&quot;:&quot;Florian Schilling&quot;,&quot;camera&quot;:&quot;Canon EOS 40D&quot;,&quot;caption&quot;:&quot;&quot;,&quot;created_timestamp&quot;:&quot;1344854473&quot;,&quot;copyright&quot;:&quot;\\u00c2\\u00a9 Florian Schilling&quot;,&quot;focal_length&quot;:&quot;23&quot;,&quot;iso&quot;:&quot;100&quot;,&quot;shutter_speed&quot;:&quot;0.004&quot;,&quot;title&quot;:&quot;&quot;}\" data-image-title=\"Hinterhof\" data-image-description=\"\" data-medium-file=\"http:\/\/www.chiller.at\/wordpress\/wp-content\/uploads\/2012\/10\/SPb-2012-W2-9544-2-221x300.jpg\" data-large-file=\"http:\/\/www.chiller.at\/wordpress\/wp-content\/uploads\/2012\/10\/SPb-2012-W2-9544-2.jpg\" \/><\/a>\n\t\t\t<\/div><\/figure><figure class='gallery-item'>\n\t\t\t<div class='gallery-icon landscape'>\n\t\t\t\t<a href='http:\/\/www.chiller.at\/wordpress\/wp-content\/uploads\/2012\/10\/SPb-2012-W2-9568.jpg'><img width=\"150\" height=\"150\" src=\"http:\/\/www.chiller.at\/wordpress\/wp-content\/uploads\/2012\/10\/SPb-2012-W2-9568-150x150.jpg\" class=\"attachment-thumbnail size-thumbnail\" alt=\"\" loading=\"lazy\" data-attachment-id=\"5102\" data-permalink=\"http:\/\/www.chiller.at\/?attachment_id=5102\" data-orig-file=\"http:\/\/www.chiller.at\/wordpress\/wp-content\/uploads\/2012\/10\/SPb-2012-W2-9568.jpg\" data-orig-size=\"732,480\" data-comments-opened=\"1\" data-image-meta=\"{&quot;aperture&quot;:&quot;8&quot;,&quot;credit&quot;:&quot;Florian Schilling&quot;,&quot;camera&quot;:&quot;Canon EOS 40D&quot;,&quot;caption&quot;:&quot;&quot;,&quot;created_timestamp&quot;:&quot;1344866769&quot;,&quot;copyright&quot;:&quot;\\u00c2\\u00a9 Florian Schilling&quot;,&quot;focal_length&quot;:&quot;50&quot;,&quot;iso&quot;:&quot;100&quot;,&quot;shutter_speed&quot;:&quot;0.003125&quot;,&quot;title&quot;:&quot;&quot;}\" data-image-title=\"Entspannung am Flu\u00df\" data-image-description=\"\" data-medium-file=\"http:\/\/www.chiller.at\/wordpress\/wp-content\/uploads\/2012\/10\/SPb-2012-W2-9568-300x196.jpg\" data-large-file=\"http:\/\/www.chiller.at\/wordpress\/wp-content\/uploads\/2012\/10\/SPb-2012-W2-9568.jpg\" \/><\/a>\n\t\t\t<\/div><\/figure><figure class='gallery-item'>\n\t\t\t<div class='gallery-icon landscape'>\n\t\t\t\t<a href='http:\/\/www.chiller.at\/wordpress\/wp-content\/uploads\/2012\/10\/SPb-2012-W2-9559.jpg'><img width=\"150\" height=\"150\" src=\"http:\/\/www.chiller.at\/wordpress\/wp-content\/uploads\/2012\/10\/SPb-2012-W2-9559-150x150.jpg\" class=\"attachment-thumbnail size-thumbnail\" alt=\"\" loading=\"lazy\" data-attachment-id=\"5101\" data-permalink=\"http:\/\/www.chiller.at\/?attachment_id=5101\" data-orig-file=\"http:\/\/www.chiller.at\/wordpress\/wp-content\/uploads\/2012\/10\/SPb-2012-W2-9559.jpg\" data-orig-size=\"546,480\" data-comments-opened=\"1\" data-image-meta=\"{&quot;aperture&quot;:&quot;8&quot;,&quot;credit&quot;:&quot;Florian Schilling&quot;,&quot;camera&quot;:&quot;Canon EOS 40D&quot;,&quot;caption&quot;:&quot;&quot;,&quot;created_timestamp&quot;:&quot;1344866356&quot;,&quot;copyright&quot;:&quot;\\u00c2\\u00a9 Florian Schilling&quot;,&quot;focal_length&quot;:&quot;17&quot;,&quot;iso&quot;:&quot;100&quot;,&quot;shutter_speed&quot;:&quot;0.003125&quot;,&quot;title&quot;:&quot;&quot;}\" data-image-title=\"Durch das &#8222;Venedig des Nordens&#8220;\" data-image-description=\"\" data-medium-file=\"http:\/\/www.chiller.at\/wordpress\/wp-content\/uploads\/2012\/10\/SPb-2012-W2-9559-300x263.jpg\" data-large-file=\"http:\/\/www.chiller.at\/wordpress\/wp-content\/uploads\/2012\/10\/SPb-2012-W2-9559.jpg\" \/><\/a>\n\t\t\t<\/div><\/figure><figure class='gallery-item'>\n\t\t\t<div class='gallery-icon landscape'>\n\t\t\t\t<a href='http:\/\/www.chiller.at\/wordpress\/wp-content\/uploads\/2012\/10\/SPb-2012-W2-9585.jpg'><img width=\"150\" height=\"150\" src=\"http:\/\/www.chiller.at\/wordpress\/wp-content\/uploads\/2012\/10\/SPb-2012-W2-9585-150x150.jpg\" class=\"attachment-thumbnail size-thumbnail\" alt=\"\" loading=\"lazy\" data-attachment-id=\"5104\" data-permalink=\"http:\/\/www.chiller.at\/?attachment_id=5104\" data-orig-file=\"http:\/\/www.chiller.at\/wordpress\/wp-content\/uploads\/2012\/10\/SPb-2012-W2-9585.jpg\" data-orig-size=\"1044,480\" data-comments-opened=\"1\" data-image-meta=\"{&quot;aperture&quot;:&quot;8&quot;,&quot;credit&quot;:&quot;Florian Schilling&quot;,&quot;camera&quot;:&quot;Canon EOS 40D&quot;,&quot;caption&quot;:&quot;&quot;,&quot;created_timestamp&quot;:&quot;1344867673&quot;,&quot;copyright&quot;:&quot;\\u00c2\\u00a9 Florian Schilling&quot;,&quot;focal_length&quot;:&quot;45&quot;,&quot;iso&quot;:&quot;100&quot;,&quot;shutter_speed&quot;:&quot;0.0015625&quot;,&quot;title&quot;:&quot;&quot;}\" data-image-title=\"Zig Ausflugsschiffe auf der Newa\" data-image-description=\"\" data-medium-file=\"http:\/\/www.chiller.at\/wordpress\/wp-content\/uploads\/2012\/10\/SPb-2012-W2-9585-300x137.jpg\" data-large-file=\"http:\/\/www.chiller.at\/wordpress\/wp-content\/uploads\/2012\/10\/SPb-2012-W2-9585-800x367.jpg\" \/><\/a>\n\t\t\t<\/div><\/figure><figure class='gallery-item'>\n\t\t\t<div class='gallery-icon landscape'>\n\t\t\t\t<a href='http:\/\/www.chiller.at\/wordpress\/wp-content\/uploads\/2012\/10\/SPb-2012-W2-9570.jpg'><img width=\"150\" height=\"150\" src=\"http:\/\/www.chiller.at\/wordpress\/wp-content\/uploads\/2012\/10\/SPb-2012-W2-9570-150x150.jpg\" class=\"attachment-thumbnail size-thumbnail\" alt=\"\" loading=\"lazy\" data-attachment-id=\"5103\" data-permalink=\"http:\/\/www.chiller.at\/?attachment_id=5103\" data-orig-file=\"http:\/\/www.chiller.at\/wordpress\/wp-content\/uploads\/2012\/10\/SPb-2012-W2-9570.jpg\" data-orig-size=\"739,480\" data-comments-opened=\"1\" data-image-meta=\"{&quot;aperture&quot;:&quot;8&quot;,&quot;credit&quot;:&quot;Florian Schilling&quot;,&quot;camera&quot;:&quot;Canon EOS 40D&quot;,&quot;caption&quot;:&quot;&quot;,&quot;created_timestamp&quot;:&quot;1344866821&quot;,&quot;copyright&quot;:&quot;\\u00c2\\u00a9 Florian Schilling&quot;,&quot;focal_length&quot;:&quot;50&quot;,&quot;iso&quot;:&quot;100&quot;,&quot;shutter_speed&quot;:&quot;0.003125&quot;,&quot;title&quot;:&quot;&quot;}\" data-image-title=\"Durchfahrt bei der Ermitage\" data-image-description=\"\" data-medium-file=\"http:\/\/www.chiller.at\/wordpress\/wp-content\/uploads\/2012\/10\/SPb-2012-W2-9570-300x194.jpg\" data-large-file=\"http:\/\/www.chiller.at\/wordpress\/wp-content\/uploads\/2012\/10\/SPb-2012-W2-9570.jpg\" \/><\/a>\n\t\t\t<\/div><\/figure><figure class='gallery-item'>\n\t\t\t<div class='gallery-icon landscape'>\n\t\t\t\t<a href='http:\/\/www.chiller.at\/wordpress\/wp-content\/uploads\/2012\/10\/SPb-2012-W2-9603.jpg'><img width=\"150\" height=\"150\" src=\"http:\/\/www.chiller.at\/wordpress\/wp-content\/uploads\/2012\/10\/SPb-2012-W2-9603-150x150.jpg\" class=\"attachment-thumbnail size-thumbnail\" alt=\"\" loading=\"lazy\" data-attachment-id=\"5105\" data-permalink=\"http:\/\/www.chiller.at\/?attachment_id=5105\" data-orig-file=\"http:\/\/www.chiller.at\/wordpress\/wp-content\/uploads\/2012\/10\/SPb-2012-W2-9603.jpg\" data-orig-size=\"727,480\" data-comments-opened=\"1\" data-image-meta=\"{&quot;aperture&quot;:&quot;8&quot;,&quot;credit&quot;:&quot;Florian Schilling&quot;,&quot;camera&quot;:&quot;Canon EOS 40D&quot;,&quot;caption&quot;:&quot;&quot;,&quot;created_timestamp&quot;:&quot;1344868179&quot;,&quot;copyright&quot;:&quot;\\u00c2\\u00a9 Florian Schilling&quot;,&quot;focal_length&quot;:&quot;50&quot;,&quot;iso&quot;:&quot;100&quot;,&quot;shutter_speed&quot;:&quot;0.002&quot;,&quot;title&quot;:&quot;&quot;}\" data-image-title=\"Graffiti\" data-image-description=\"\" data-medium-file=\"http:\/\/www.chiller.at\/wordpress\/wp-content\/uploads\/2012\/10\/SPb-2012-W2-9603-300x198.jpg\" data-large-file=\"http:\/\/www.chiller.at\/wordpress\/wp-content\/uploads\/2012\/10\/SPb-2012-W2-9603.jpg\" \/><\/a>\n\t\t\t<\/div><\/figure><figure class='gallery-item'>\n\t\t\t<div class='gallery-icon landscape'>\n\t\t\t\t<a href='http:\/\/www.chiller.at\/wordpress\/wp-content\/uploads\/2012\/10\/SPb-2012-W2-9622.jpg'><img width=\"150\" height=\"150\" src=\"http:\/\/www.chiller.at\/wordpress\/wp-content\/uploads\/2012\/10\/SPb-2012-W2-9622-150x150.jpg\" class=\"attachment-thumbnail size-thumbnail\" alt=\"\" loading=\"lazy\" data-attachment-id=\"5106\" data-permalink=\"http:\/\/www.chiller.at\/?attachment_id=5106\" data-orig-file=\"http:\/\/www.chiller.at\/wordpress\/wp-content\/uploads\/2012\/10\/SPb-2012-W2-9622.jpg\" data-orig-size=\"683,480\" data-comments-opened=\"1\" data-image-meta=\"{&quot;aperture&quot;:&quot;8&quot;,&quot;credit&quot;:&quot;Florian Schilling&quot;,&quot;camera&quot;:&quot;Canon EOS 40D&quot;,&quot;caption&quot;:&quot;&quot;,&quot;created_timestamp&quot;:&quot;1344869143&quot;,&quot;copyright&quot;:&quot;\\u00c2\\u00a9 Florian Schilling&quot;,&quot;focal_length&quot;:&quot;25&quot;,&quot;iso&quot;:&quot;100&quot;,&quot;shutter_speed&quot;:&quot;0.00625&quot;,&quot;title&quot;:&quot;&quot;}\" data-image-title=\"Verfall ist leider \u00fcberall\" data-image-description=\"\" data-medium-file=\"http:\/\/www.chiller.at\/wordpress\/wp-content\/uploads\/2012\/10\/SPb-2012-W2-9622-300x210.jpg\" data-large-file=\"http:\/\/www.chiller.at\/wordpress\/wp-content\/uploads\/2012\/10\/SPb-2012-W2-9622.jpg\" \/><\/a>\n\t\t\t<\/div><\/figure><figure class='gallery-item'>\n\t\t\t<div class='gallery-icon landscape'>\n\t\t\t\t<a href='http:\/\/www.chiller.at\/wordpress\/wp-content\/uploads\/2012\/10\/SPb-2012-W2-9624.jpg'><img width=\"150\" height=\"150\" src=\"http:\/\/www.chiller.at\/wordpress\/wp-content\/uploads\/2012\/10\/SPb-2012-W2-9624-150x150.jpg\" class=\"attachment-thumbnail size-thumbnail\" alt=\"\" loading=\"lazy\" data-attachment-id=\"5107\" data-permalink=\"http:\/\/www.chiller.at\/?attachment_id=5107\" data-orig-file=\"http:\/\/www.chiller.at\/wordpress\/wp-content\/uploads\/2012\/10\/SPb-2012-W2-9624.jpg\" data-orig-size=\"538,480\" data-comments-opened=\"1\" data-image-meta=\"{&quot;aperture&quot;:&quot;8&quot;,&quot;credit&quot;:&quot;Florian Schilling&quot;,&quot;camera&quot;:&quot;Canon EOS 40D&quot;,&quot;caption&quot;:&quot;&quot;,&quot;created_timestamp&quot;:&quot;1344869236&quot;,&quot;copyright&quot;:&quot;\\u00c2\\u00a9 Florian Schilling&quot;,&quot;focal_length&quot;:&quot;50&quot;,&quot;iso&quot;:&quot;100&quot;,&quot;shutter_speed&quot;:&quot;0.003125&quot;,&quot;title&quot;:&quot;&quot;}\" data-image-title=\"Angeln in Mitten der Stadt\" data-image-description=\"\" data-medium-file=\"http:\/\/www.chiller.at\/wordpress\/wp-content\/uploads\/2012\/10\/SPb-2012-W2-9624-300x267.jpg\" data-large-file=\"http:\/\/www.chiller.at\/wordpress\/wp-content\/uploads\/2012\/10\/SPb-2012-W2-9624.jpg\" \/><\/a>\n\t\t\t<\/div><\/figure><figure class='gallery-item'>\n\t\t\t<div class='gallery-icon portrait'>\n\t\t\t\t<a href='http:\/\/www.chiller.at\/wordpress\/wp-content\/uploads\/2012\/10\/SPb-2012-W2-9650.jpg'><img width=\"150\" height=\"150\" src=\"http:\/\/www.chiller.at\/wordpress\/wp-content\/uploads\/2012\/10\/SPb-2012-W2-9650-150x150.jpg\" class=\"attachment-thumbnail size-thumbnail\" alt=\"\" loading=\"lazy\" data-attachment-id=\"5109\" data-permalink=\"http:\/\/www.chiller.at\/?attachment_id=5109\" data-orig-file=\"http:\/\/www.chiller.at\/wordpress\/wp-content\/uploads\/2012\/10\/SPb-2012-W2-9650.jpg\" data-orig-size=\"480,720\" data-comments-opened=\"1\" data-image-meta=\"{&quot;aperture&quot;:&quot;7.1&quot;,&quot;credit&quot;:&quot;Florian Schilling&quot;,&quot;camera&quot;:&quot;Canon EOS 40D&quot;,&quot;caption&quot;:&quot;&quot;,&quot;created_timestamp&quot;:&quot;1344875453&quot;,&quot;copyright&quot;:&quot;\\u00c2\\u00a9 Florian Schilling&quot;,&quot;focal_length&quot;:&quot;17&quot;,&quot;iso&quot;:&quot;250&quot;,&quot;shutter_speed&quot;:&quot;0.00125&quot;,&quot;title&quot;:&quot;&quot;}\" data-image-title=\"Auferstehungskirche\" data-image-description=\"\" data-medium-file=\"http:\/\/www.chiller.at\/wordpress\/wp-content\/uploads\/2012\/10\/SPb-2012-W2-9650-200x300.jpg\" data-large-file=\"http:\/\/www.chiller.at\/wordpress\/wp-content\/uploads\/2012\/10\/SPb-2012-W2-9650.jpg\" \/><\/a>\n\t\t\t<\/div><\/figure><figure class='gallery-item'>\n\t\t\t<div class='gallery-icon landscape'>\n\t\t\t\t<a href='http:\/\/www.chiller.at\/wordpress\/wp-content\/uploads\/2012\/10\/SPb-2012-W2-9655.jpg'><img width=\"150\" height=\"150\" src=\"http:\/\/www.chiller.at\/wordpress\/wp-content\/uploads\/2012\/10\/SPb-2012-W2-9655-150x150.jpg\" class=\"attachment-thumbnail size-thumbnail\" alt=\"\" loading=\"lazy\" data-attachment-id=\"5110\" data-permalink=\"http:\/\/www.chiller.at\/?attachment_id=5110\" data-orig-file=\"http:\/\/www.chiller.at\/wordpress\/wp-content\/uploads\/2012\/10\/SPb-2012-W2-9655.jpg\" data-orig-size=\"720,480\" data-comments-opened=\"1\" data-image-meta=\"{&quot;aperture&quot;:&quot;7.1&quot;,&quot;credit&quot;:&quot;Florian Schilling&quot;,&quot;camera&quot;:&quot;Canon EOS 40D&quot;,&quot;caption&quot;:&quot;&quot;,&quot;created_timestamp&quot;:&quot;1344875872&quot;,&quot;copyright&quot;:&quot;\\u00c2\\u00a9 Florian Schilling&quot;,&quot;focal_length&quot;:&quot;30&quot;,&quot;iso&quot;:&quot;100&quot;,&quot;shutter_speed&quot;:&quot;0.002&quot;,&quot;title&quot;:&quot;&quot;}\" data-image-title=\"Kanalkreuzung mit alter Markthalle\" data-image-description=\"\" data-medium-file=\"http:\/\/www.chiller.at\/wordpress\/wp-content\/uploads\/2012\/10\/SPb-2012-W2-9655-300x200.jpg\" data-large-file=\"http:\/\/www.chiller.at\/wordpress\/wp-content\/uploads\/2012\/10\/SPb-2012-W2-9655.jpg\" \/><\/a>\n\t\t\t<\/div><\/figure><figure class='gallery-item'>\n\t\t\t<div class='gallery-icon landscape'>\n\t\t\t\t<a href='http:\/\/www.chiller.at\/wordpress\/wp-content\/uploads\/2012\/10\/SPb-2012-W2-9677.jpg'><img width=\"150\" height=\"150\" src=\"http:\/\/www.chiller.at\/wordpress\/wp-content\/uploads\/2012\/10\/SPb-2012-W2-9677-150x150.jpg\" class=\"attachment-thumbnail size-thumbnail\" alt=\"\" loading=\"lazy\" data-attachment-id=\"5111\" data-permalink=\"http:\/\/www.chiller.at\/?attachment_id=5111\" data-orig-file=\"http:\/\/www.chiller.at\/wordpress\/wp-content\/uploads\/2012\/10\/SPb-2012-W2-9677.jpg\" data-orig-size=\"601,480\" data-comments-opened=\"1\" data-image-meta=\"{&quot;aperture&quot;:&quot;6.3&quot;,&quot;credit&quot;:&quot;Florian Schilling&quot;,&quot;camera&quot;:&quot;Canon EOS 40D&quot;,&quot;caption&quot;:&quot;&quot;,&quot;created_timestamp&quot;:&quot;1344876858&quot;,&quot;copyright&quot;:&quot;\\u00c2\\u00a9 Florian Schilling&quot;,&quot;focal_length&quot;:&quot;50&quot;,&quot;iso&quot;:&quot;100&quot;,&quot;shutter_speed&quot;:&quot;0.003125&quot;,&quot;title&quot;:&quot;&quot;}\" data-image-title=\"Stra\u00dfenmusikanten\" data-image-description=\"\" data-medium-file=\"http:\/\/www.chiller.at\/wordpress\/wp-content\/uploads\/2012\/10\/SPb-2012-W2-9677-300x239.jpg\" data-large-file=\"http:\/\/www.chiller.at\/wordpress\/wp-content\/uploads\/2012\/10\/SPb-2012-W2-9677.jpg\" \/><\/a>\n\t\t\t<\/div><\/figure><figure class='gallery-item'>\n\t\t\t<div class='gallery-icon portrait'>\n\t\t\t\t<a href='http:\/\/www.chiller.at\/wordpress\/wp-content\/uploads\/2012\/10\/SPb-2012-W2-9683.jpg'><img width=\"150\" height=\"150\" src=\"http:\/\/www.chiller.at\/wordpress\/wp-content\/uploads\/2012\/10\/SPb-2012-W2-9683-150x150.jpg\" class=\"attachment-thumbnail size-thumbnail\" alt=\"\" loading=\"lazy\" data-attachment-id=\"5112\" data-permalink=\"http:\/\/www.chiller.at\/?attachment_id=5112\" data-orig-file=\"http:\/\/www.chiller.at\/wordpress\/wp-content\/uploads\/2012\/10\/SPb-2012-W2-9683.jpg\" data-orig-size=\"480,603\" data-comments-opened=\"1\" data-image-meta=\"{&quot;aperture&quot;:&quot;7.1&quot;,&quot;credit&quot;:&quot;Florian Schilling&quot;,&quot;camera&quot;:&quot;Canon EOS 40D&quot;,&quot;caption&quot;:&quot;&quot;,&quot;created_timestamp&quot;:&quot;1344877632&quot;,&quot;copyright&quot;:&quot;\\u00c2\\u00a9 Florian Schilling&quot;,&quot;focal_length&quot;:&quot;36&quot;,&quot;iso&quot;:&quot;100&quot;,&quot;shutter_speed&quot;:&quot;0.0015625&quot;,&quot;title&quot;:&quot;&quot;}\" data-image-title=\"Auferstehungskirche vom Marsovo Pole aus gesehen\" data-image-description=\"\" data-medium-file=\"http:\/\/www.chiller.at\/wordpress\/wp-content\/uploads\/2012\/10\/SPb-2012-W2-9683-238x300.jpg\" data-large-file=\"http:\/\/www.chiller.at\/wordpress\/wp-content\/uploads\/2012\/10\/SPb-2012-W2-9683.jpg\" \/><\/a>\n\t\t\t<\/div><\/figure><figure class='gallery-item'>\n\t\t\t<div class='gallery-icon landscape'>\n\t\t\t\t<a href='http:\/\/www.chiller.at\/wordpress\/wp-content\/uploads\/2012\/10\/SPb-2012-W2-9690.jpg'><img width=\"150\" height=\"150\" src=\"http:\/\/www.chiller.at\/wordpress\/wp-content\/uploads\/2012\/10\/SPb-2012-W2-9690-150x150.jpg\" class=\"attachment-thumbnail size-thumbnail\" alt=\"\" loading=\"lazy\" data-attachment-id=\"5114\" data-permalink=\"http:\/\/www.chiller.at\/?attachment_id=5114\" data-orig-file=\"http:\/\/www.chiller.at\/wordpress\/wp-content\/uploads\/2012\/10\/SPb-2012-W2-9690.jpg\" data-orig-size=\"673,480\" data-comments-opened=\"1\" data-image-meta=\"{&quot;aperture&quot;:&quot;7.1&quot;,&quot;credit&quot;:&quot;Florian Schilling&quot;,&quot;camera&quot;:&quot;Canon EOS 40D&quot;,&quot;caption&quot;:&quot;&quot;,&quot;created_timestamp&quot;:&quot;1344878276&quot;,&quot;copyright&quot;:&quot;\\u00c2\\u00a9 Florian Schilling&quot;,&quot;focal_length&quot;:&quot;50&quot;,&quot;iso&quot;:&quot;100&quot;,&quot;shutter_speed&quot;:&quot;0.002&quot;,&quot;title&quot;:&quot;&quot;}\" data-image-title=\"Stolpersteine in Sankt Petersburg\" data-image-description=\"\" data-medium-file=\"http:\/\/www.chiller.at\/wordpress\/wp-content\/uploads\/2012\/10\/SPb-2012-W2-9690-300x213.jpg\" data-large-file=\"http:\/\/www.chiller.at\/wordpress\/wp-content\/uploads\/2012\/10\/SPb-2012-W2-9690.jpg\" \/><\/a>\n\t\t\t<\/div><\/figure><figure class='gallery-item'>\n\t\t\t<div class='gallery-icon portrait'>\n\t\t\t\t<a href='http:\/\/www.chiller.at\/wordpress\/wp-content\/uploads\/2012\/10\/SPb-2012-W2-9691.jpg'><img width=\"150\" height=\"150\" src=\"http:\/\/www.chiller.at\/wordpress\/wp-content\/uploads\/2012\/10\/SPb-2012-W2-9691-150x150.jpg\" class=\"attachment-thumbnail size-thumbnail\" alt=\"\" loading=\"lazy\" data-attachment-id=\"5115\" data-permalink=\"http:\/\/www.chiller.at\/?attachment_id=5115\" data-orig-file=\"http:\/\/www.chiller.at\/wordpress\/wp-content\/uploads\/2012\/10\/SPb-2012-W2-9691.jpg\" data-orig-size=\"480,720\" data-comments-opened=\"1\" data-image-meta=\"{&quot;aperture&quot;:&quot;7.1&quot;,&quot;credit&quot;:&quot;Florian Schilling&quot;,&quot;camera&quot;:&quot;Canon EOS 40D&quot;,&quot;caption&quot;:&quot;&quot;,&quot;created_timestamp&quot;:&quot;1344878452&quot;,&quot;copyright&quot;:&quot;\\u00c2\\u00a9 Florian Schilling&quot;,&quot;focal_length&quot;:&quot;17&quot;,&quot;iso&quot;:&quot;100&quot;,&quot;shutter_speed&quot;:&quot;0.002&quot;,&quot;title&quot;:&quot;&quot;}\" data-image-title=\"HowTo: Stra\u00dfe \u00fcberqueren\" data-image-description=\"\" data-medium-file=\"http:\/\/www.chiller.at\/wordpress\/wp-content\/uploads\/2012\/10\/SPb-2012-W2-9691-200x300.jpg\" data-large-file=\"http:\/\/www.chiller.at\/wordpress\/wp-content\/uploads\/2012\/10\/SPb-2012-W2-9691.jpg\" \/><\/a>\n\t\t\t<\/div><\/figure><figure class='gallery-item'>\n\t\t\t<div class='gallery-icon landscape'>\n\t\t\t\t<a href='http:\/\/www.chiller.at\/wordpress\/wp-content\/uploads\/2012\/10\/SPb-2012-W2-9708.jpg'><img width=\"150\" height=\"150\" src=\"http:\/\/www.chiller.at\/wordpress\/wp-content\/uploads\/2012\/10\/SPb-2012-W2-9708-150x150.jpg\" class=\"attachment-thumbnail size-thumbnail\" alt=\"\" loading=\"lazy\" data-attachment-id=\"5116\" data-permalink=\"http:\/\/www.chiller.at\/?attachment_id=5116\" data-orig-file=\"http:\/\/www.chiller.at\/wordpress\/wp-content\/uploads\/2012\/10\/SPb-2012-W2-9708.jpg\" data-orig-size=\"613,480\" data-comments-opened=\"1\" data-image-meta=\"{&quot;aperture&quot;:&quot;2.8&quot;,&quot;credit&quot;:&quot;Florian Schilling&quot;,&quot;camera&quot;:&quot;Canon EOS 40D&quot;,&quot;caption&quot;:&quot;&quot;,&quot;created_timestamp&quot;:&quot;1344879788&quot;,&quot;copyright&quot;:&quot;\\u00c2\\u00a9 Florian Schilling&quot;,&quot;focal_length&quot;:&quot;50&quot;,&quot;iso&quot;:&quot;100&quot;,&quot;shutter_speed&quot;:&quot;0.00625&quot;,&quot;title&quot;:&quot;&quot;}\" data-image-title=\"Die Kunst in Petersburg ist ansteckend, \u00fcberall wird gezeichnet, gemalt,&#8230;\" data-image-description=\"\" data-medium-file=\"http:\/\/www.chiller.at\/wordpress\/wp-content\/uploads\/2012\/10\/SPb-2012-W2-9708-300x234.jpg\" data-large-file=\"http:\/\/www.chiller.at\/wordpress\/wp-content\/uploads\/2012\/10\/SPb-2012-W2-9708.jpg\" \/><\/a>\n\t\t\t<\/div><\/figure><figure class='gallery-item'>\n\t\t\t<div class='gallery-icon portrait'>\n\t\t\t\t<a href='http:\/\/www.chiller.at\/wordpress\/wp-content\/uploads\/2012\/10\/SPb-2012-W2-9722.jpg'><img width=\"150\" height=\"150\" src=\"http:\/\/www.chiller.at\/wordpress\/wp-content\/uploads\/2012\/10\/SPb-2012-W2-9722-150x150.jpg\" class=\"attachment-thumbnail size-thumbnail\" alt=\"\" loading=\"lazy\" data-attachment-id=\"5117\" data-permalink=\"http:\/\/www.chiller.at\/?attachment_id=5117\" data-orig-file=\"http:\/\/www.chiller.at\/wordpress\/wp-content\/uploads\/2012\/10\/SPb-2012-W2-9722.jpg\" data-orig-size=\"480,522\" data-comments-opened=\"1\" data-image-meta=\"{&quot;aperture&quot;:&quot;4&quot;,&quot;credit&quot;:&quot;Florian Schilling&quot;,&quot;camera&quot;:&quot;Canon EOS 40D&quot;,&quot;caption&quot;:&quot;&quot;,&quot;created_timestamp&quot;:&quot;1344880921&quot;,&quot;copyright&quot;:&quot;\\u00c2\\u00a9 Florian Schilling&quot;,&quot;focal_length&quot;:&quot;50&quot;,&quot;iso&quot;:&quot;100&quot;,&quot;shutter_speed&quot;:&quot;0.004&quot;,&quot;title&quot;:&quot;&quot;}\" data-image-title=\"Idylle im Sommergarten\" data-image-description=\"\" data-medium-file=\"http:\/\/www.chiller.at\/wordpress\/wp-content\/uploads\/2012\/10\/SPb-2012-W2-9722-275x300.jpg\" data-large-file=\"http:\/\/www.chiller.at\/wordpress\/wp-content\/uploads\/2012\/10\/SPb-2012-W2-9722.jpg\" \/><\/a>\n\t\t\t<\/div><\/figure><figure class='gallery-item'>\n\t\t\t<div class='gallery-icon portrait'>\n\t\t\t\t<a href='http:\/\/www.chiller.at\/wordpress\/wp-content\/uploads\/2012\/10\/SPb-2012-W2-9737.jpg'><img width=\"150\" height=\"150\" src=\"http:\/\/www.chiller.at\/wordpress\/wp-content\/uploads\/2012\/10\/SPb-2012-W2-9737-150x150.jpg\" class=\"attachment-thumbnail size-thumbnail\" alt=\"\" loading=\"lazy\" data-attachment-id=\"5118\" data-permalink=\"http:\/\/www.chiller.at\/?attachment_id=5118\" data-orig-file=\"http:\/\/www.chiller.at\/wordpress\/wp-content\/uploads\/2012\/10\/SPb-2012-W2-9737.jpg\" data-orig-size=\"480,620\" data-comments-opened=\"1\" data-image-meta=\"{&quot;aperture&quot;:&quot;5.6&quot;,&quot;credit&quot;:&quot;Florian Schilling&quot;,&quot;camera&quot;:&quot;Canon EOS 40D&quot;,&quot;caption&quot;:&quot;&quot;,&quot;created_timestamp&quot;:&quot;1344881816&quot;,&quot;copyright&quot;:&quot;\\u00c2\\u00a9 Florian Schilling&quot;,&quot;focal_length&quot;:&quot;21&quot;,&quot;iso&quot;:&quot;100&quot;,&quot;shutter_speed&quot;:&quot;0.003125&quot;,&quot;title&quot;:&quot;&quot;}\" data-image-title=\"\u041b\u0435\u0442\u043d\u044b\u0439 \u0421\u0430\u0434 &#8211; Sommergarten\" data-image-description=\"\" data-medium-file=\"http:\/\/www.chiller.at\/wordpress\/wp-content\/uploads\/2012\/10\/SPb-2012-W2-9737-232x300.jpg\" data-large-file=\"http:\/\/www.chiller.at\/wordpress\/wp-content\/uploads\/2012\/10\/SPb-2012-W2-9737.jpg\" \/><\/a>\n\t\t\t<\/div><\/figure><figure class='gallery-item'>\n\t\t\t<div class='gallery-icon landscape'>\n\t\t\t\t<a href='http:\/\/www.chiller.at\/wordpress\/wp-content\/uploads\/2012\/10\/SPb-2012-W2-9776.jpg'><img width=\"150\" height=\"150\" src=\"http:\/\/www.chiller.at\/wordpress\/wp-content\/uploads\/2012\/10\/SPb-2012-W2-9776-150x150.jpg\" class=\"attachment-thumbnail size-thumbnail\" alt=\"\" loading=\"lazy\" data-attachment-id=\"5119\" data-permalink=\"http:\/\/www.chiller.at\/?attachment_id=5119\" data-orig-file=\"http:\/\/www.chiller.at\/wordpress\/wp-content\/uploads\/2012\/10\/SPb-2012-W2-9776.jpg\" data-orig-size=\"720,480\" data-comments-opened=\"1\" data-image-meta=\"{&quot;aperture&quot;:&quot;5.6&quot;,&quot;credit&quot;:&quot;Florian Schilling&quot;,&quot;camera&quot;:&quot;Canon EOS 40D&quot;,&quot;caption&quot;:&quot;&quot;,&quot;created_timestamp&quot;:&quot;1344882974&quot;,&quot;copyright&quot;:&quot;\\u00c2\\u00a9 Florian Schilling&quot;,&quot;focal_length&quot;:&quot;50&quot;,&quot;iso&quot;:&quot;100&quot;,&quot;shutter_speed&quot;:&quot;0.0015625&quot;,&quot;title&quot;:&quot;&quot;}\" data-image-title=\"Abendstimmung auf der Trotzky Br\u00fccke\" data-image-description=\"\" data-medium-file=\"http:\/\/www.chiller.at\/wordpress\/wp-content\/uploads\/2012\/10\/SPb-2012-W2-9776-300x200.jpg\" data-large-file=\"http:\/\/www.chiller.at\/wordpress\/wp-content\/uploads\/2012\/10\/SPb-2012-W2-9776.jpg\" \/><\/a>\n\t\t\t<\/div><\/figure><figure class='gallery-item'>\n\t\t\t<div class='gallery-icon portrait'>\n\t\t\t\t<a href='http:\/\/www.chiller.at\/wordpress\/wp-content\/uploads\/2012\/10\/SPb-2012-W2-9784.jpg'><img width=\"150\" height=\"150\" src=\"http:\/\/www.chiller.at\/wordpress\/wp-content\/uploads\/2012\/10\/SPb-2012-W2-9784-150x150.jpg\" class=\"attachment-thumbnail size-thumbnail\" alt=\"\" loading=\"lazy\" data-attachment-id=\"5120\" data-permalink=\"http:\/\/www.chiller.at\/?attachment_id=5120\" data-orig-file=\"http:\/\/www.chiller.at\/wordpress\/wp-content\/uploads\/2012\/10\/SPb-2012-W2-9784.jpg\" data-orig-size=\"480,720\" data-comments-opened=\"1\" data-image-meta=\"{&quot;aperture&quot;:&quot;5.6&quot;,&quot;credit&quot;:&quot;Florian Schilling&quot;,&quot;camera&quot;:&quot;Canon EOS 40D&quot;,&quot;caption&quot;:&quot;&quot;,&quot;created_timestamp&quot;:&quot;1344883363&quot;,&quot;copyright&quot;:&quot;\\u00c2\\u00a9 Florian Schilling&quot;,&quot;focal_length&quot;:&quot;17&quot;,&quot;iso&quot;:&quot;100&quot;,&quot;shutter_speed&quot;:&quot;0.005&quot;,&quot;title&quot;:&quot;&quot;}\" data-image-title=\"Monument bei der Trotsky Br\u00fccke\" data-image-description=\"\" data-medium-file=\"http:\/\/www.chiller.at\/wordpress\/wp-content\/uploads\/2012\/10\/SPb-2012-W2-9784-200x300.jpg\" data-large-file=\"http:\/\/www.chiller.at\/wordpress\/wp-content\/uploads\/2012\/10\/SPb-2012-W2-9784.jpg\" \/><\/a>\n\t\t\t<\/div><\/figure>\n\t\t<\/div>\n<\/p>\n","protected":false},"excerpt":{"rendered":"<p>Die zweite Woche stand stark im Zeichen der Kultur und meine Kleingruppe war mit der Abendgestaltung in Form eines Cookouts an der Reihe. Daf\u00fcr haben wir uns was ganz besonderes einfallen lassen&#8230; Neben dem politischen Museum machten wir einen Kinobesuch, was wirklich ein\u00a0 besonderes Erlebnis war! Ein ehemaliger Theatersaal mit sehr bequemen dreh- und kippbaren &hellip; <a href=\"http:\/\/www.chiller.at\/?p=5075\" class=\"more-link\"><span class=\"screen-reader-text\">2012 08 \u2013 Petersburg \u2013 Woche 2, best of\u2026<\/span> weiterlesen <span class=\"meta-nav\">&rarr;<\/span><\/a><\/p>\n","protected":false},"author":1,"featured_media":0,"comment_status":"open","ping_status":"open","sticky":false,"template":"","format":"standard","meta":{"spay_email":"","jetpack_publicize_message":"","jetpack_is_tweetstorm":false},"categories":[285],"tags":[188,269,270,105,110,109,124,355,50,49,86,123,52,51,186,210,87,316,104,54,53,317],"jetpack_featured_media_url":"","jetpack_publicize_connections":[],"jetpack_sharing_enabled":true,"jetpack_shortlink":"https:\/\/wp.me\/p20QI6-1jR","jetpack_likes_enabled":true,"_links":{"self":[{"href":"http:\/\/www.chiller.at\/index.php?rest_route=\/wp\/v2\/posts\/5075"}],"collection":[{"href":"http:\/\/www.chiller.at\/index.php?rest_route=\/wp\/v2\/posts"}],"about":[{"href":"http:\/\/www.chiller.at\/index.php?rest_route=\/wp\/v2\/types\/post"}],"author":[{"embeddable":true,"href":"http:\/\/www.chiller.at\/index.php?rest_route=\/wp\/v2\/users\/1"}],"replies":[{"embeddable":true,"href":"http:\/\/www.chiller.at\/index.php?rest_route=%2Fwp%2Fv2%2Fcomments&post=5075"}],"version-history":[{"count":0,"href":"http:\/\/www.chiller.at\/index.php?rest_route=\/wp\/v2\/posts\/5075\/revisions"}],"wp:attachment":[{"href":"http:\/\/www.chiller.at\/index.php?rest_route=%2Fwp%2Fv2%2Fmedia&parent=5075"}],"wp:term":[{"taxonomy":"category","embeddable":true,"href":"http:\/\/www.chiller.at\/index.php?rest_route=%2Fwp%2Fv2%2Fcategories&post=5075"},{"taxonomy":"post_tag","embeddable":true,"href":"http:\/\/www.chiller.at\/index.php?rest_route=%2Fwp%2Fv2%2Ftags&post=5075"}],"curies":[{"name":"wp","href":"https:\/\/api.w.org\/{rel}","templated":true}]}}