{"id":4801,"date":"2012-09-16T22:32:03","date_gmt":"2012-09-16T20:32:03","guid":{"rendered":"http:\/\/www.chiller.at\/?p=4801"},"modified":"2012-09-16T22:32:03","modified_gmt":"2012-09-16T20:32:03","slug":"2012-0912-selbstportrats","status":"publish","type":"post","link":"http:\/\/www.chiller.at\/?p=4801","title":{"rendered":"2012 0912 &#8211; Selbstportr\u00e4ts"},"content":{"rendered":"<p><strong>Das Studium neigt sich dem Ende zu, CV bzw. Lebenslauf sind fertig, da brauche ich nat\u00fcrlich noch das passende Bewerbungsfoto. Nachdem es furchtbar schwierig ist mich in Sachen Fotos, die mich zeigen, zufrieden zu stellen, nahm ich das Shooting selbst in die Hand&#8230;<\/strong><\/p>\n<p>Das Ergebnis waren 400 Fotos, wobei ich zu meiner Verteidigung sagen muss, dass ich mehrere Outfits anprobiert habe, weil ich verschiedene Stile f\u00fcr diverse Anwendungsbereiche\/Ausweise haben wollte. Nach einem Ausschuss von etwa 50% muss ich zufrieden sagen, dass ich bis auf kleine Beschneidungen (f\u00fcr Bewerbungsfotos ist der Ausschnitt zu gro\u00df) keine Nachbearbeitung anwenden musste! Fasziniert hat mich auch, dass ich auf einem Foto l\u00e4cheln\/grinsen kann und es mir trotzdem gef\u00e4llt! Ich denke, wenn man sich es zutraut gute Fotos von sich zu machen, dann ist auch nix dabei Zeit statt Geld zu investieren &#8211; <em>Mission accomplished!<\/em><\/p>\n<p>[spoiler show=&#8220;Aufbau&#8220;]Ich habe mir ein <a title=\"Bild des &quot;Studios&quot; auf Facebook\" href=\"https:\/\/fbcdn-sphotos-g-a.akamaihd.net\/hphotos-ak-prn1\/615109_326829780746146_1710919906_o.jpg\" target=\"_blank\">tempor\u00e4res Studio<\/a> eingerichtet: die Kamera auf das Stativ gestellt, ausgestattet mit Fernausl\u00f6ser f\u00fcr den Blitz sowie den Empf\u00e4nger f\u00fcr sich selbst. Den Blitz habe ich auf mein Einbeinstativ (hat praktischerweise drei kurze Beinchen) montiert und davor mit Hilfe von Klemmen sowie einem Vierkantholz meinen Diffusor geh\u00e4ngt. Als Halterung diente die T\u00fcre. Hintergrund war die wei\u00dfe Wand, die trotz Blende 5 nicht wirklich texturiert war. Den (weichen) Schlagschatten konnte ich auch meist umgehen.<br \/>\nSelbstausl\u00f6ser in der Hand und die Fotos \u00fcber USB und Lightroom Thetering nach jedem Ausl\u00f6sen gleich auf dem Laptop Bildschirm \u00fcberpr\u00fcfend, ging ich ans Werk. (Hier war die Option mit der gespiegelten Ansicht sehr praktisch um Position, Kopfneigung, etc. unkompliziert zu adjustieren. Das wars![\/spoiler]<br \/>\nWie immer habe ich auch ein bisschen herumgebl\u00f6delt, was auch alleine ganz gut geht \ud83d\ude09<br \/>\nAu\u00dferdem finde ich, dass mir der schwarze Anzug einfach besser steht! (Bewerbung zu den MIB?)<\/p>\n<div data-carousel-extra='{\"blog_id\":1,\"permalink\":\"http:\\\/\\\/www.chiller.at\\\/?p=4801\"}' id='gallery-1' class='gallery galleryid-4801 gallery-columns-3 gallery-size-thumbnail'><figure class='gallery-item'>\n\t\t\t<div class='gallery-icon portrait'>\n\t\t\t\t<a href='http:\/\/www.chiller.at\/wordpress\/wp-content\/uploads\/2012\/09\/Mein-Portraet-0609.jpg'><img width=\"150\" height=\"150\" src=\"http:\/\/www.chiller.at\/wordpress\/wp-content\/uploads\/2012\/09\/Mein-Portraet-0609-150x150.jpg\" class=\"attachment-thumbnail size-thumbnail\" alt=\"\" loading=\"lazy\" data-attachment-id=\"4815\" data-permalink=\"http:\/\/www.chiller.at\/?attachment_id=4815\" data-orig-file=\"http:\/\/www.chiller.at\/wordpress\/wp-content\/uploads\/2012\/09\/Mein-Portraet-0609.jpg\" data-orig-size=\"467,700\" data-comments-opened=\"1\" data-image-meta=\"{&quot;aperture&quot;:&quot;5&quot;,&quot;credit&quot;:&quot;Florian Schilling&quot;,&quot;camera&quot;:&quot;Canon EOS 40D&quot;,&quot;caption&quot;:&quot;&quot;,&quot;created_timestamp&quot;:&quot;1347472797&quot;,&quot;copyright&quot;:&quot;\\u00c2\\u00a9 Florian Schilling&quot;,&quot;focal_length&quot;:&quot;50&quot;,&quot;iso&quot;:&quot;200&quot;,&quot;shutter_speed&quot;:&quot;0.01&quot;,&quot;title&quot;:&quot;&quot;}\" data-image-title=\"W\u00fcnschen Sie noch etwas?\" data-image-description=\"\" data-medium-file=\"http:\/\/www.chiller.at\/wordpress\/wp-content\/uploads\/2012\/09\/Mein-Portraet-0609-200x300.jpg\" data-large-file=\"http:\/\/www.chiller.at\/wordpress\/wp-content\/uploads\/2012\/09\/Mein-Portraet-0609.jpg\" \/><\/a>\n\t\t\t<\/div><\/figure><figure class='gallery-item'>\n\t\t\t<div class='gallery-icon portrait'>\n\t\t\t\t<a href='http:\/\/www.chiller.at\/wordpress\/wp-content\/uploads\/2012\/09\/Mein-Portraet-0424.jpg'><img width=\"150\" height=\"150\" src=\"http:\/\/www.chiller.at\/wordpress\/wp-content\/uploads\/2012\/09\/Mein-Portraet-0424-150x150.jpg\" class=\"attachment-thumbnail size-thumbnail\" alt=\"\" loading=\"lazy\" data-attachment-id=\"4803\" data-permalink=\"http:\/\/www.chiller.at\/?attachment_id=4803\" data-orig-file=\"http:\/\/www.chiller.at\/wordpress\/wp-content\/uploads\/2012\/09\/Mein-Portraet-0424.jpg\" data-orig-size=\"467,700\" data-comments-opened=\"1\" data-image-meta=\"{&quot;aperture&quot;:&quot;5&quot;,&quot;credit&quot;:&quot;Florian Schilling&quot;,&quot;camera&quot;:&quot;Canon EOS 40D&quot;,&quot;caption&quot;:&quot;&quot;,&quot;created_timestamp&quot;:&quot;1347465143&quot;,&quot;copyright&quot;:&quot;\\u00c2\\u00a9 Florian Schilling&quot;,&quot;focal_length&quot;:&quot;50&quot;,&quot;iso&quot;:&quot;200&quot;,&quot;shutter_speed&quot;:&quot;0.01&quot;,&quot;title&quot;:&quot;&quot;}\" data-image-title=\"Du kommst ned vorbei\" data-image-description=\"\" data-medium-file=\"http:\/\/www.chiller.at\/wordpress\/wp-content\/uploads\/2012\/09\/Mein-Portraet-0424-200x300.jpg\" data-large-file=\"http:\/\/www.chiller.at\/wordpress\/wp-content\/uploads\/2012\/09\/Mein-Portraet-0424.jpg\" \/><\/a>\n\t\t\t<\/div><\/figure><figure class='gallery-item'>\n\t\t\t<div class='gallery-icon portrait'>\n\t\t\t\t<a href='http:\/\/www.chiller.at\/wordpress\/wp-content\/uploads\/2012\/09\/Mein-Portraet-0604.jpg'><img width=\"150\" height=\"150\" src=\"http:\/\/www.chiller.at\/wordpress\/wp-content\/uploads\/2012\/09\/Mein-Portraet-0604-150x150.jpg\" class=\"attachment-thumbnail size-thumbnail\" alt=\"\" loading=\"lazy\" data-attachment-id=\"4813\" data-permalink=\"http:\/\/www.chiller.at\/?attachment_id=4813\" data-orig-file=\"http:\/\/www.chiller.at\/wordpress\/wp-content\/uploads\/2012\/09\/Mein-Portraet-0604.jpg\" data-orig-size=\"467,700\" data-comments-opened=\"1\" data-image-meta=\"{&quot;aperture&quot;:&quot;5&quot;,&quot;credit&quot;:&quot;Florian Schilling&quot;,&quot;camera&quot;:&quot;Canon EOS 40D&quot;,&quot;caption&quot;:&quot;&quot;,&quot;created_timestamp&quot;:&quot;1347472725&quot;,&quot;copyright&quot;:&quot;\\u00c2\\u00a9 Florian Schilling&quot;,&quot;focal_length&quot;:&quot;50&quot;,&quot;iso&quot;:&quot;200&quot;,&quot;shutter_speed&quot;:&quot;0.01&quot;,&quot;title&quot;:&quot;&quot;}\" data-image-title=\"Weg damit\" data-image-description=\"\" data-medium-file=\"http:\/\/www.chiller.at\/wordpress\/wp-content\/uploads\/2012\/09\/Mein-Portraet-0604-200x300.jpg\" data-large-file=\"http:\/\/www.chiller.at\/wordpress\/wp-content\/uploads\/2012\/09\/Mein-Portraet-0604.jpg\" \/><\/a>\n\t\t\t<\/div><\/figure><figure class='gallery-item'>\n\t\t\t<div class='gallery-icon portrait'>\n\t\t\t\t<a href='http:\/\/www.chiller.at\/wordpress\/wp-content\/uploads\/2012\/09\/Mein-Portraet-0734.jpg'><img width=\"150\" height=\"150\" src=\"http:\/\/www.chiller.at\/wordpress\/wp-content\/uploads\/2012\/09\/Mein-Portraet-0734-150x150.jpg\" class=\"attachment-thumbnail size-thumbnail\" alt=\"\" loading=\"lazy\" data-attachment-id=\"4827\" data-permalink=\"http:\/\/www.chiller.at\/?attachment_id=4827\" data-orig-file=\"http:\/\/www.chiller.at\/wordpress\/wp-content\/uploads\/2012\/09\/Mein-Portraet-0734.jpg\" data-orig-size=\"467,700\" data-comments-opened=\"1\" data-image-meta=\"{&quot;aperture&quot;:&quot;5&quot;,&quot;credit&quot;:&quot;Florian Schilling&quot;,&quot;camera&quot;:&quot;Canon EOS 40D&quot;,&quot;caption&quot;:&quot;&quot;,&quot;created_timestamp&quot;:&quot;1347474358&quot;,&quot;copyright&quot;:&quot;\\u00c2\\u00a9 Florian Schilling&quot;,&quot;focal_length&quot;:&quot;50&quot;,&quot;iso&quot;:&quot;200&quot;,&quot;shutter_speed&quot;:&quot;0.01&quot;,&quot;title&quot;:&quot;&quot;}\" data-image-title=\"Ich mag dieses Bild\" data-image-description=\"\" data-medium-file=\"http:\/\/www.chiller.at\/wordpress\/wp-content\/uploads\/2012\/09\/Mein-Portraet-0734-200x300.jpg\" data-large-file=\"http:\/\/www.chiller.at\/wordpress\/wp-content\/uploads\/2012\/09\/Mein-Portraet-0734.jpg\" \/><\/a>\n\t\t\t<\/div><\/figure><figure class='gallery-item'>\n\t\t\t<div class='gallery-icon portrait'>\n\t\t\t\t<a href='http:\/\/www.chiller.at\/wordpress\/wp-content\/uploads\/2012\/09\/Mein-Portraet-0599.jpg'><img width=\"150\" height=\"150\" src=\"http:\/\/www.chiller.at\/wordpress\/wp-content\/uploads\/2012\/09\/Mein-Portraet-0599-150x150.jpg\" class=\"attachment-thumbnail size-thumbnail\" alt=\"\" loading=\"lazy\" data-attachment-id=\"4810\" data-permalink=\"http:\/\/www.chiller.at\/?attachment_id=4810\" data-orig-file=\"http:\/\/www.chiller.at\/wordpress\/wp-content\/uploads\/2012\/09\/Mein-Portraet-0599.jpg\" data-orig-size=\"467,700\" data-comments-opened=\"1\" data-image-meta=\"{&quot;aperture&quot;:&quot;5&quot;,&quot;credit&quot;:&quot;Florian Schilling&quot;,&quot;camera&quot;:&quot;Canon EOS 40D&quot;,&quot;caption&quot;:&quot;&quot;,&quot;created_timestamp&quot;:&quot;1347472655&quot;,&quot;copyright&quot;:&quot;\\u00c2\\u00a9 Florian Schilling&quot;,&quot;focal_length&quot;:&quot;50&quot;,&quot;iso&quot;:&quot;200&quot;,&quot;shutter_speed&quot;:&quot;0.01&quot;,&quot;title&quot;:&quot;&quot;}\" data-image-title=\"Beim Umkleiden, ein bisserl auf Model gemacht\" data-image-description=\"\" data-medium-file=\"http:\/\/www.chiller.at\/wordpress\/wp-content\/uploads\/2012\/09\/Mein-Portraet-0599-200x300.jpg\" data-large-file=\"http:\/\/www.chiller.at\/wordpress\/wp-content\/uploads\/2012\/09\/Mein-Portraet-0599.jpg\" \/><\/a>\n\t\t\t<\/div><\/figure><figure class='gallery-item'>\n\t\t\t<div class='gallery-icon portrait'>\n\t\t\t\t<a href='http:\/\/www.chiller.at\/wordpress\/wp-content\/uploads\/2012\/09\/Mein-Portraet-0614.jpg'><img width=\"150\" height=\"150\" src=\"http:\/\/www.chiller.at\/wordpress\/wp-content\/uploads\/2012\/09\/Mein-Portraet-0614-150x150.jpg\" class=\"attachment-thumbnail size-thumbnail\" alt=\"\" loading=\"lazy\" data-attachment-id=\"4816\" data-permalink=\"http:\/\/www.chiller.at\/?attachment_id=4816\" data-orig-file=\"http:\/\/www.chiller.at\/wordpress\/wp-content\/uploads\/2012\/09\/Mein-Portraet-0614.jpg\" data-orig-size=\"467,700\" data-comments-opened=\"1\" data-image-meta=\"{&quot;aperture&quot;:&quot;5&quot;,&quot;credit&quot;:&quot;Florian Schilling&quot;,&quot;camera&quot;:&quot;Canon EOS 40D&quot;,&quot;caption&quot;:&quot;&quot;,&quot;created_timestamp&quot;:&quot;1347472897&quot;,&quot;copyright&quot;:&quot;\\u00c2\\u00a9 Florian Schilling&quot;,&quot;focal_length&quot;:&quot;50&quot;,&quot;iso&quot;:&quot;200&quot;,&quot;shutter_speed&quot;:&quot;0.01&quot;,&quot;title&quot;:&quot;&quot;}\" data-image-title=\"Was sagst du zu dieser? Zu hell oder?\" data-image-description=\"\" data-medium-file=\"http:\/\/www.chiller.at\/wordpress\/wp-content\/uploads\/2012\/09\/Mein-Portraet-0614-200x300.jpg\" data-large-file=\"http:\/\/www.chiller.at\/wordpress\/wp-content\/uploads\/2012\/09\/Mein-Portraet-0614.jpg\" \/><\/a>\n\t\t\t<\/div><\/figure><figure class='gallery-item'>\n\t\t\t<div class='gallery-icon portrait'>\n\t\t\t\t<a href='http:\/\/www.chiller.at\/wordpress\/wp-content\/uploads\/2012\/09\/Mein-Portraet-0405.jpg'><img width=\"150\" height=\"150\" src=\"http:\/\/www.chiller.at\/wordpress\/wp-content\/uploads\/2012\/09\/Mein-Portraet-0405-150x150.jpg\" class=\"attachment-thumbnail size-thumbnail\" alt=\"\" loading=\"lazy\" data-attachment-id=\"4802\" data-permalink=\"http:\/\/www.chiller.at\/?attachment_id=4802\" data-orig-file=\"http:\/\/www.chiller.at\/wordpress\/wp-content\/uploads\/2012\/09\/Mein-Portraet-0405.jpg\" data-orig-size=\"467,700\" data-comments-opened=\"1\" data-image-meta=\"{&quot;aperture&quot;:&quot;5&quot;,&quot;credit&quot;:&quot;Florian Schilling&quot;,&quot;camera&quot;:&quot;Canon EOS 40D&quot;,&quot;caption&quot;:&quot;&quot;,&quot;created_timestamp&quot;:&quot;1347464949&quot;,&quot;copyright&quot;:&quot;\\u00c2\\u00a9 Florian Schilling&quot;,&quot;focal_length&quot;:&quot;50&quot;,&quot;iso&quot;:&quot;200&quot;,&quot;shutter_speed&quot;:&quot;0.01&quot;,&quot;title&quot;:&quot;&quot;}\" data-image-title=\"Bewerbung weniger offiziell\" data-image-description=\"\" data-medium-file=\"http:\/\/www.chiller.at\/wordpress\/wp-content\/uploads\/2012\/09\/Mein-Portraet-0405-200x300.jpg\" data-large-file=\"http:\/\/www.chiller.at\/wordpress\/wp-content\/uploads\/2012\/09\/Mein-Portraet-0405.jpg\" \/><\/a>\n\t\t\t<\/div><\/figure><figure class='gallery-item'>\n\t\t\t<div class='gallery-icon portrait'>\n\t\t\t\t<a href='http:\/\/www.chiller.at\/wordpress\/wp-content\/uploads\/2012\/09\/Mein-Portraet-0644-2.jpg'><img width=\"150\" height=\"150\" src=\"http:\/\/www.chiller.at\/wordpress\/wp-content\/uploads\/2012\/09\/Mein-Portraet-0644-2-150x150.jpg\" class=\"attachment-thumbnail size-thumbnail\" alt=\"\" loading=\"lazy\" data-attachment-id=\"4822\" data-permalink=\"http:\/\/www.chiller.at\/?attachment_id=4822\" data-orig-file=\"http:\/\/www.chiller.at\/wordpress\/wp-content\/uploads\/2012\/09\/Mein-Portraet-0644-2.jpg\" data-orig-size=\"467,700\" data-comments-opened=\"1\" data-image-meta=\"{&quot;aperture&quot;:&quot;5&quot;,&quot;credit&quot;:&quot;Florian Schilling&quot;,&quot;camera&quot;:&quot;Canon EOS 40D&quot;,&quot;caption&quot;:&quot;&quot;,&quot;created_timestamp&quot;:&quot;1347473345&quot;,&quot;copyright&quot;:&quot;\\u00c2\\u00a9 Florian Schilling&quot;,&quot;focal_length&quot;:&quot;50&quot;,&quot;iso&quot;:&quot;200&quot;,&quot;shutter_speed&quot;:&quot;0.01&quot;,&quot;title&quot;:&quot;&quot;}\" data-image-title=\"Goldene Krawatte\" data-image-description=\"\" data-medium-file=\"http:\/\/www.chiller.at\/wordpress\/wp-content\/uploads\/2012\/09\/Mein-Portraet-0644-2-200x300.jpg\" data-large-file=\"http:\/\/www.chiller.at\/wordpress\/wp-content\/uploads\/2012\/09\/Mein-Portraet-0644-2.jpg\" \/><\/a>\n\t\t\t<\/div><\/figure><figure class='gallery-item'>\n\t\t\t<div class='gallery-icon portrait'>\n\t\t\t\t<a href='http:\/\/www.chiller.at\/wordpress\/wp-content\/uploads\/2012\/09\/Mein-Portraet-0712-2.jpg'><img width=\"150\" height=\"150\" src=\"http:\/\/www.chiller.at\/wordpress\/wp-content\/uploads\/2012\/09\/Mein-Portraet-0712-2-150x150.jpg\" class=\"attachment-thumbnail size-thumbnail\" alt=\"\" loading=\"lazy\" data-attachment-id=\"4825\" data-permalink=\"http:\/\/www.chiller.at\/?attachment_id=4825\" data-orig-file=\"http:\/\/www.chiller.at\/wordpress\/wp-content\/uploads\/2012\/09\/Mein-Portraet-0712-2.jpg\" data-orig-size=\"467,700\" data-comments-opened=\"1\" data-image-meta=\"{&quot;aperture&quot;:&quot;5&quot;,&quot;credit&quot;:&quot;Florian Schilling&quot;,&quot;camera&quot;:&quot;Canon EOS 40D&quot;,&quot;caption&quot;:&quot;&quot;,&quot;created_timestamp&quot;:&quot;1347474197&quot;,&quot;copyright&quot;:&quot;\\u00c2\\u00a9 Florian Schilling&quot;,&quot;focal_length&quot;:&quot;50&quot;,&quot;iso&quot;:&quot;200&quot;,&quot;shutter_speed&quot;:&quot;0.01&quot;,&quot;title&quot;:&quot;&quot;}\" data-image-title=\"Seri\u00f6ser Favorit\" data-image-description=\"\" data-medium-file=\"http:\/\/www.chiller.at\/wordpress\/wp-content\/uploads\/2012\/09\/Mein-Portraet-0712-2-200x300.jpg\" data-large-file=\"http:\/\/www.chiller.at\/wordpress\/wp-content\/uploads\/2012\/09\/Mein-Portraet-0712-2.jpg\" \/><\/a>\n\t\t\t<\/div><\/figure><figure class='gallery-item'>\n\t\t\t<div class='gallery-icon portrait'>\n\t\t\t\t<a href='http:\/\/www.chiller.at\/wordpress\/wp-content\/uploads\/2012\/09\/Mein-Portraet-0740-2.jpg'><img width=\"150\" height=\"150\" src=\"http:\/\/www.chiller.at\/wordpress\/wp-content\/uploads\/2012\/09\/Mein-Portraet-0740-2-150x150.jpg\" class=\"attachment-thumbnail size-thumbnail\" alt=\"\" loading=\"lazy\" data-attachment-id=\"4829\" data-permalink=\"http:\/\/www.chiller.at\/?attachment_id=4829\" data-orig-file=\"http:\/\/www.chiller.at\/wordpress\/wp-content\/uploads\/2012\/09\/Mein-Portraet-0740-2.jpg\" data-orig-size=\"498,700\" data-comments-opened=\"1\" data-image-meta=\"{&quot;aperture&quot;:&quot;5&quot;,&quot;credit&quot;:&quot;Florian Schilling&quot;,&quot;camera&quot;:&quot;Canon EOS 40D&quot;,&quot;caption&quot;:&quot;&quot;,&quot;created_timestamp&quot;:&quot;1347474372&quot;,&quot;copyright&quot;:&quot;\\u00c2\\u00a9 Florian Schilling&quot;,&quot;focal_length&quot;:&quot;50&quot;,&quot;iso&quot;:&quot;200&quot;,&quot;shutter_speed&quot;:&quot;0.01&quot;,&quot;title&quot;:&quot;&quot;}\" data-image-title=\"Mein Favorit f\u00fcrs CV\" data-image-description=\"\" data-medium-file=\"http:\/\/www.chiller.at\/wordpress\/wp-content\/uploads\/2012\/09\/Mein-Portraet-0740-2-213x300.jpg\" data-large-file=\"http:\/\/www.chiller.at\/wordpress\/wp-content\/uploads\/2012\/09\/Mein-Portraet-0740-2.jpg\" \/><\/a>\n\t\t\t<\/div><\/figure>\n\t\t<\/div>\n\n","protected":false},"excerpt":{"rendered":"<p>Das Studium neigt sich dem Ende zu, CV bzw. Lebenslauf sind fertig, da brauche ich nat\u00fcrlich noch das passende Bewerbungsfoto. Nachdem es furchtbar schwierig ist mich in Sachen Fotos, die mich zeigen, zufrieden zu stellen, nahm ich das Shooting selbst in die Hand&#8230; Das Ergebnis waren 400 Fotos, wobei ich zu meiner Verteidigung sagen muss, &hellip; <a href=\"http:\/\/www.chiller.at\/?p=4801\" class=\"more-link\"><span class=\"screen-reader-text\">2012 0912 &#8211; Selbstportr\u00e4ts<\/span> weiterlesen <span class=\"meta-nav\">&rarr;<\/span><\/a><\/p>\n","protected":false},"author":1,"featured_media":0,"comment_status":"open","ping_status":"open","sticky":false,"template":"","format":"standard","meta":{"spay_email":"","jetpack_publicize_message":"","jetpack_is_tweetstorm":false},"categories":[284],"tags":[86,87,253],"jetpack_featured_media_url":"","jetpack_publicize_connections":[],"jetpack_sharing_enabled":true,"jetpack_shortlink":"https:\/\/wp.me\/p20QI6-1fr","jetpack_likes_enabled":true,"_links":{"self":[{"href":"http:\/\/www.chiller.at\/index.php?rest_route=\/wp\/v2\/posts\/4801"}],"collection":[{"href":"http:\/\/www.chiller.at\/index.php?rest_route=\/wp\/v2\/posts"}],"about":[{"href":"http:\/\/www.chiller.at\/index.php?rest_route=\/wp\/v2\/types\/post"}],"author":[{"embeddable":true,"href":"http:\/\/www.chiller.at\/index.php?rest_route=\/wp\/v2\/users\/1"}],"replies":[{"embeddable":true,"href":"http:\/\/www.chiller.at\/index.php?rest_route=%2Fwp%2Fv2%2Fcomments&post=4801"}],"version-history":[{"count":0,"href":"http:\/\/www.chiller.at\/index.php?rest_route=\/wp\/v2\/posts\/4801\/revisions"}],"wp:attachment":[{"href":"http:\/\/www.chiller.at\/index.php?rest_route=%2Fwp%2Fv2%2Fmedia&parent=4801"}],"wp:term":[{"taxonomy":"category","embeddable":true,"href":"http:\/\/www.chiller.at\/index.php?rest_route=%2Fwp%2Fv2%2Fcategories&post=4801"},{"taxonomy":"post_tag","embeddable":true,"href":"http:\/\/www.chiller.at\/index.php?rest_route=%2Fwp%2Fv2%2Ftags&post=4801"}],"curies":[{"name":"wp","href":"https:\/\/api.w.org\/{rel}","templated":true}]}}