{"id":4484,"date":"2012-05-10T16:48:45","date_gmt":"2012-05-10T14:48:45","guid":{"rendered":"http:\/\/www.chiller.at\/?p=4484"},"modified":"2012-05-10T16:50:37","modified_gmt":"2012-05-10T14:50:37","slug":"chilizucht-chiliol-erste-ernte-2012","status":"publish","type":"post","link":"http:\/\/www.chiller.at\/?p=4484","title":{"rendered":"Chilizucht \u2013 Chili\u00f6l &#8211; erste Ernte 2012"},"content":{"rendered":"<p><strong>Die Sonne scheint, die Erde trocknet schnell und sogar eine Hummel war zu besuch. Die erste Ernte ist hereingebrochen. Damit die Pflanzen wieder mehr Power f\u00fcr neue Fr\u00fcchte haben, entschloss ich mich heute alle roten Chilis abzuschneiden. Leider blieb es bei einem <a title=\"Chilizucht \u2013 HABANERO!\" href=\"http:\/\/www.chiller.at\/?p=4193\">Habanero<\/a>, neue Bl\u00fcten sind allerdings schon unterwegs!<\/strong><\/p>\n<p>Weil ich nicht so oft etwas Scharfes koche, lege ich fein geschnittene Chilischoten immer in Essig-\u00d6l-Salz-Gemisch ein, damit sie dann m\u00f6glichst lange im K\u00fchlschrank halten. Warum? Einfach so, kein spezielles Rezept, einfach nur meiner Phantasie freien Lauf gelassen \ud83d\ude09<\/p>\n<p>Mit den neuen Messern, die ich zum Geburtstag bekommen habe, haben die Samen auch nicht wirklich eine Chance, und die Scheibchen gelingen meist hauchd\u00fcnn. Zur Vermeidung tagelang brennender Fingern\u00e4gel habe ich nat\u00fcrlich Latexhandschuhe angezogen&#8230; Was ich jedem empfehlen kann, der Chili oder Knoblauch oder \u00e4hnliches schneidet.<\/p>\n<div data-carousel-extra='{\"blog_id\":1,\"permalink\":\"http:\\\/\\\/www.chiller.at\\\/?p=4484\"}' id='gallery-1' class='gallery galleryid-4484 gallery-columns-2 gallery-size-thumbnail'><figure class='gallery-item'>\n\t\t\t<div class='gallery-icon landscape'>\n\t\t\t\t<a href='http:\/\/www.chiller.at\/wordpress\/wp-content\/uploads\/2012\/05\/1.chiliernte.2012-8029.jpg'><img width=\"150\" height=\"150\" src=\"http:\/\/www.chiller.at\/wordpress\/wp-content\/uploads\/2012\/05\/1.chiliernte.2012-8029-150x150.jpg\" class=\"attachment-thumbnail size-thumbnail\" alt=\"\" loading=\"lazy\" data-attachment-id=\"4489\" data-permalink=\"http:\/\/www.chiller.at\/?attachment_id=4489\" data-orig-file=\"http:\/\/www.chiller.at\/wordpress\/wp-content\/uploads\/2012\/05\/1.chiliernte.2012-8029.jpg\" data-orig-size=\"700,343\" data-comments-opened=\"1\" data-image-meta=\"{&quot;aperture&quot;:&quot;1.8&quot;,&quot;credit&quot;:&quot;Florian Schilling&quot;,&quot;camera&quot;:&quot;Canon EOS 40D&quot;,&quot;caption&quot;:&quot;&quot;,&quot;created_timestamp&quot;:&quot;1336663452&quot;,&quot;copyright&quot;:&quot;\\u00c2\\u00a9 Florian Schilling&quot;,&quot;focal_length&quot;:&quot;50&quot;,&quot;iso&quot;:&quot;100&quot;,&quot;shutter_speed&quot;:&quot;0.008&quot;,&quot;title&quot;:&quot;&quot;}\" data-image-title=\"Kleiner aber oderntlich fleischiger Habanero\" data-image-description=\"\" data-medium-file=\"http:\/\/www.chiller.at\/wordpress\/wp-content\/uploads\/2012\/05\/1.chiliernte.2012-8029-300x147.jpg\" data-large-file=\"http:\/\/www.chiller.at\/wordpress\/wp-content\/uploads\/2012\/05\/1.chiliernte.2012-8029.jpg\" \/><\/a>\n\t\t\t<\/div><\/figure><figure class='gallery-item'>\n\t\t\t<div class='gallery-icon landscape'>\n\t\t\t\t<a href='http:\/\/www.chiller.at\/wordpress\/wp-content\/uploads\/2012\/05\/1.chiliernte.2012-8028.jpg'><img width=\"150\" height=\"150\" src=\"http:\/\/www.chiller.at\/wordpress\/wp-content\/uploads\/2012\/05\/1.chiliernte.2012-8028-150x150.jpg\" class=\"attachment-thumbnail size-thumbnail\" alt=\"\" loading=\"lazy\" data-attachment-id=\"4488\" data-permalink=\"http:\/\/www.chiller.at\/?attachment_id=4488\" data-orig-file=\"http:\/\/www.chiller.at\/wordpress\/wp-content\/uploads\/2012\/05\/1.chiliernte.2012-8028.jpg\" data-orig-size=\"700,447\" data-comments-opened=\"1\" data-image-meta=\"{&quot;aperture&quot;:&quot;1.8&quot;,&quot;credit&quot;:&quot;Florian Schilling&quot;,&quot;camera&quot;:&quot;Canon EOS 40D&quot;,&quot;caption&quot;:&quot;&quot;,&quot;created_timestamp&quot;:&quot;1336663100&quot;,&quot;copyright&quot;:&quot;\\u00c2\\u00a9 Florian Schilling&quot;,&quot;focal_length&quot;:&quot;50&quot;,&quot;iso&quot;:&quot;100&quot;,&quot;shutter_speed&quot;:&quot;0.008&quot;,&quot;title&quot;:&quot;&quot;}\" data-image-title=\"Mit dem neuen Messer hauchd\u00fcnn geschnitten\" data-image-description=\"\" data-medium-file=\"http:\/\/www.chiller.at\/wordpress\/wp-content\/uploads\/2012\/05\/1.chiliernte.2012-8028-300x191.jpg\" data-large-file=\"http:\/\/www.chiller.at\/wordpress\/wp-content\/uploads\/2012\/05\/1.chiliernte.2012-8028.jpg\" \/><\/a>\n\t\t\t<\/div><\/figure><figure class='gallery-item'>\n\t\t\t<div class='gallery-icon landscape'>\n\t\t\t\t<a href='http:\/\/www.chiller.at\/wordpress\/wp-content\/uploads\/2012\/05\/1.chiliernte.2012-8025.jpg'><img width=\"150\" height=\"150\" src=\"http:\/\/www.chiller.at\/wordpress\/wp-content\/uploads\/2012\/05\/1.chiliernte.2012-8025-150x150.jpg\" class=\"attachment-thumbnail size-thumbnail\" alt=\"\" loading=\"lazy\" data-attachment-id=\"4485\" data-permalink=\"http:\/\/www.chiller.at\/?attachment_id=4485\" data-orig-file=\"http:\/\/www.chiller.at\/wordpress\/wp-content\/uploads\/2012\/05\/1.chiliernte.2012-8025.jpg\" data-orig-size=\"700,506\" data-comments-opened=\"1\" data-image-meta=\"{&quot;aperture&quot;:&quot;1.8&quot;,&quot;credit&quot;:&quot;Florian Schilling&quot;,&quot;camera&quot;:&quot;Canon EOS 40D&quot;,&quot;caption&quot;:&quot;&quot;,&quot;created_timestamp&quot;:&quot;1336662762&quot;,&quot;copyright&quot;:&quot;\\u00c2\\u00a9 Florian Schilling&quot;,&quot;focal_length&quot;:&quot;50&quot;,&quot;iso&quot;:&quot;250&quot;,&quot;shutter_speed&quot;:&quot;0.01&quot;,&quot;title&quot;:&quot;&quot;}\" data-image-title=\"Die erste Ausbeute\" data-image-description=\"\" data-medium-file=\"http:\/\/www.chiller.at\/wordpress\/wp-content\/uploads\/2012\/05\/1.chiliernte.2012-8025-300x216.jpg\" data-large-file=\"http:\/\/www.chiller.at\/wordpress\/wp-content\/uploads\/2012\/05\/1.chiliernte.2012-8025.jpg\" \/><\/a>\n\t\t\t<\/div><\/figure><figure class='gallery-item'>\n\t\t\t<div class='gallery-icon landscape'>\n\t\t\t\t<a href='http:\/\/www.chiller.at\/wordpress\/wp-content\/uploads\/2012\/05\/1.chiliernte.2012-7991.jpg'><img width=\"150\" height=\"150\" src=\"http:\/\/www.chiller.at\/wordpress\/wp-content\/uploads\/2012\/05\/1.chiliernte.2012-7991-150x150.jpg\" class=\"attachment-thumbnail size-thumbnail\" alt=\"\" loading=\"lazy\" data-attachment-id=\"4494\" data-permalink=\"http:\/\/www.chiller.at\/?attachment_id=4494\" data-orig-file=\"http:\/\/www.chiller.at\/wordpress\/wp-content\/uploads\/2012\/05\/1.chiliernte.2012-7991.jpg\" data-orig-size=\"700,515\" data-comments-opened=\"1\" data-image-meta=\"{&quot;aperture&quot;:&quot;2.8&quot;,&quot;credit&quot;:&quot;Florian Schilling&quot;,&quot;camera&quot;:&quot;Canon EOS 40D&quot;,&quot;caption&quot;:&quot;&quot;,&quot;created_timestamp&quot;:&quot;1335440171&quot;,&quot;copyright&quot;:&quot;\\u00c2\\u00a9 Florian Schilling&quot;,&quot;focal_length&quot;:&quot;50&quot;,&quot;iso&quot;:&quot;125&quot;,&quot;shutter_speed&quot;:&quot;0.003125&quot;,&quot;title&quot;:&quot;&quot;}\" data-image-title=\"Ein riesiges Getier, dass sich kaum auf den Bl\u00e4ttern halten konnte&#8230;\" data-image-description=\"\" data-medium-file=\"http:\/\/www.chiller.at\/wordpress\/wp-content\/uploads\/2012\/05\/1.chiliernte.2012-7991-300x220.jpg\" data-large-file=\"http:\/\/www.chiller.at\/wordpress\/wp-content\/uploads\/2012\/05\/1.chiliernte.2012-7991.jpg\" \/><\/a>\n\t\t\t<\/div><\/figure>\n\t\t<\/div>\n\n","protected":false},"excerpt":{"rendered":"<p>Die Sonne scheint, die Erde trocknet schnell und sogar eine Hummel war zu besuch. Die erste Ernte ist hereingebrochen. Damit die Pflanzen wieder mehr Power f\u00fcr neue Fr\u00fcchte haben, entschloss ich mich heute alle roten Chilis abzuschneiden. Leider blieb es bei einem Habanero, neue Bl\u00fcten sind allerdings schon unterwegs! Weil ich nicht so oft etwas &hellip; <a href=\"http:\/\/www.chiller.at\/?p=4484\" class=\"more-link\"><span class=\"screen-reader-text\">Chilizucht \u2013 Chili\u00f6l &#8211; erste Ernte 2012<\/span> weiterlesen <span class=\"meta-nav\">&rarr;<\/span><\/a><\/p>\n","protected":false},"author":1,"featured_media":0,"comment_status":"open","ping_status":"open","sticky":false,"template":"","format":"standard","meta":{"spay_email":"","jetpack_publicize_message":"","jetpack_is_tweetstorm":false},"categories":[79],"tags":[195,52,51,196],"jetpack_featured_media_url":"","jetpack_publicize_connections":[],"jetpack_sharing_enabled":true,"jetpack_shortlink":"https:\/\/wp.me\/p20QI6-1ak","jetpack_likes_enabled":true,"_links":{"self":[{"href":"http:\/\/www.chiller.at\/index.php?rest_route=\/wp\/v2\/posts\/4484"}],"collection":[{"href":"http:\/\/www.chiller.at\/index.php?rest_route=\/wp\/v2\/posts"}],"about":[{"href":"http:\/\/www.chiller.at\/index.php?rest_route=\/wp\/v2\/types\/post"}],"author":[{"embeddable":true,"href":"http:\/\/www.chiller.at\/index.php?rest_route=\/wp\/v2\/users\/1"}],"replies":[{"embeddable":true,"href":"http:\/\/www.chiller.at\/index.php?rest_route=%2Fwp%2Fv2%2Fcomments&post=4484"}],"version-history":[{"count":0,"href":"http:\/\/www.chiller.at\/index.php?rest_route=\/wp\/v2\/posts\/4484\/revisions"}],"wp:attachment":[{"href":"http:\/\/www.chiller.at\/index.php?rest_route=%2Fwp%2Fv2%2Fmedia&parent=4484"}],"wp:term":[{"taxonomy":"category","embeddable":true,"href":"http:\/\/www.chiller.at\/index.php?rest_route=%2Fwp%2Fv2%2Fcategories&post=4484"},{"taxonomy":"post_tag","embeddable":true,"href":"http:\/\/www.chiller.at\/index.php?rest_route=%2Fwp%2Fv2%2Ftags&post=4484"}],"curies":[{"name":"wp","href":"https:\/\/api.w.org\/{rel}","templated":true}]}}