{"id":4184,"date":"2012-03-21T14:02:09","date_gmt":"2012-03-21T13:02:09","guid":{"rendered":"http:\/\/www.chiller.at\/?p=4184"},"modified":"2012-03-21T20:00:28","modified_gmt":"2012-03-21T19:00:28","slug":"ende-der-skisaison-201112","status":"publish","type":"post","link":"http:\/\/www.chiller.at\/?p=4184","title":{"rendered":"Ende der Skisaison 2011\/12"},"content":{"rendered":"<p><strong>Erstmals seit vielen Jahren war das Wetter (zumindest im Februar) wieder pistenfreundlicher. Dieses Mal hatte ich auf alle F\u00e4lle sehr viel Spa\u00df und hoffe nat\u00fcrlich, dass es n\u00e4chstes Jahr auch wieder super wird. <\/strong><strong>Als kleine Abrundung habe ich hier meine Gedanken \u00fcber Gruppendynamik verfasst, die vielleicht interessant sind und zeigen, dass es nicht nur im eigenen Freundeskreis so zugeht&#8230;<\/strong><\/p>\n<p>[spoiler]<strong>Familienurlaub mit Skistunde<\/strong><\/p>\n<p>Diesen Februar hatte ich das Vergn\u00fcgen nach unz\u00e4hligen Jahren endlich mal wieder giffige und ideale Pisten zu Fahren. Bei Temperaturen um die -15 Grad kein Wunder &#8211; deshalb musste ich zwischendurch Aufw\u00e4rmbesuche in der Skih\u00fctte machen, die sonst wegfallen. Allerdings waren meine Zehen teilweise schon schmerzhaft kalt und so gings nicht anders. Am vorletzten Tag, beschloss ich mir eine Stunde mit Skilehrer zu g\u00f6nnen und diese hat sich wirklich ausgezahlt. Ich wurde in die Technik des Carving eingewiesen und meine Haltung sowie Schwungtechnik f\u00fcr das normale Fahren berichtigt. Leider ist noch nicht alles in Fleisch und Blut \u00fcbergegangen aber das Fahren macht dadurch wieder doppelt soviel Spa\u00df!<\/p>\n<p><strong>Kondition und Skipartner<\/strong><\/p>\n<p>Nun ist auch die zweite Skiwoche (seit diesem Samstag) um &#8211; 17 Leute in einer Selbstversorgungs-H\u00fctte gleich neben der Piste. Wieso sitze ich fast t\u00e4glich schon um 12:00 in der K\u00fcche? Einerseits bin ich mit meiner Ausdauer schon relativ am Ende denn Eis, das sich mit Sulz abwechselt sind nicht nur optimale Bedingungen um sich zu verletzen sondern auch kr\u00e4fteraubend. Weiters kommt hinzu, dass es immer gef\u00e4hrlicher wird, je mehr Leute auf der Piste fahren. So gab es bis Donnerstag keine nennenswerten Ereignisse, erst in der Fr\u00fch h\u00e4tte es mich zweimal knapp hintereinander fast erwischt. Ob unvorsichtig oder einfach r\u00fccksichtslos &#8211; jedenfalls wurde ich auf einer schwarzen Piste und sofort darauf knapp neben dem Abgrund ordentlich geschnitten, so dass ich danach erst einmal 2 min verschnaufen musste um das Herzklopfen loszuwerden.<\/p>\n<p>Am Familienurlaub nehme ich normalerweise immer nur Vormittagskarten &#8211; in so einem gro\u00dfen Schigebiet wie Saalbach kann dies aber unter Umst\u00e4nden etwas gef\u00e4hrlich sein, vor allem wenn man um 12:30 auf der anderen Seite des Tals ist und die Karte abgelaufen ist. Daher habe ich eine 5 aus 7 Wahlkarte genommen, da ich wei\u00df, dass ich sicher einen Tag blau machen w\u00fcrde. Im Nachhinein, w\u00e4ren bis auf den ersten Tag Vormittagskarten ausreichend gewesen, da wir immer schon um 11:30 die Piste verlie\u00dfen. Wer ist wir?<br \/>\nIch bin ein Sch\u00f6n-Pisten-Fahrer und bin mit jemanden unterwegs gewesen, der genauso wie ich so f\u00e4hrt bis es keinen Spa\u00df macht, bzw. sich Kondition und Beschwerden einmischen. (Er hat Knieprobleme) So sind wir zwar weniger gefahren aber hatten trotzdem viel Spa\u00df und erhohlsame Nachmittage in der Sonne.<\/p>\n<p><strong>Logistik und Versorgung<\/strong><\/p>\n<p>Siebzehn Leute ist keine kleine Zahl und es ist nicht unbedingt leicht alle W\u00fcnsche zu erf\u00fcllen und es allen Recht zu machen. Als &#8222;Mitglied&#8220; im Versorgungsteam denke ich trotzdem, dass wir einen ganz guten Job machen. Fr\u00fchst\u00fcck und Abendessen sowie Naschereien f\u00fcr zwischendurch werden von uns auf Gruppenkassa besorgt. Einkaufen gegangen und Gekocht wird nach dem Skifahren &#8211; meist 3 Kg Fleisch (Faschiertes im <a title=\"Chili con Carne \u2013 die faschierte Variante\" href=\"..\/..\/?p=402\">Chili<\/a>, Gulaschfleisch, &#8230;) und haufenweise Beilagen (4 Kg Erd\u00e4pfel zu 4 Kg Spinat) stehen am Abend auf dem Speiseplan und bis jetzt musste niemand wirklich Hunger leiden. Zur Not h\u00e4lt der Striezel mit Nutella her.<\/p>\n<p><strong>Mensch und Gruppe<\/strong><\/p>\n<p>Ein gro\u00dfes Problem in einer Gruppe dieser Gr\u00f6\u00dfe ist leider die menschliche Natur. Man redet gerne bzw. richtet gerne hinter dem R\u00fccken anderer aus. Bei uns gibts leider nicht nur L\u00e4stereien sondern teilweise wirklich boshaft und ungute Hinterr\u00fccksgschichtln. Zumindest ist die typisch \u00f6sterreichische oberfl\u00e4chliche Harmonie im Vordergrund gewahrt und alle spielen fr\u00f6hlich &#8222;Heile Welt&#8220;, was eigentlich im Gro\u00dfen und Ganzen ein gutes GruppenKlima ergibt. Es ist schade, dass man nicht ohne L\u00e4stern, Gemecker und Hass nebeneinander Wohnen kann. Vor allem entzieht sich mir nicht selten der kausale Grund f\u00fcr derartige Verhaltensweisen.<\/p>\n<p>Immer wieder beobachte ich &#8211; nicht nur in unserer Gruppe sondern auch in Gruppen, in denen ich Gast bin &#8211; gewisse Muster. Es gibt Alpha-Tiere (nicht nur ein oder zwei sondern gleich eine Hand voll) die am liebsten haben, dass vieles nach ihrer Pfeife tanzt. Leute die relativ gem\u00fctlich sind und widerstandsfrei mit vielen Dingen zufrieden sind oder sie einfach \u00fcber sich ergehen lassen. N\u00f6rgler, die an allem etwas auszusetzen haben und, zumindest von dem was sie von sich geben, nie zufrieden sind&#8230;<\/p>\n<p><strong>Arbeitsteilung und Streitereien<\/strong><\/p>\n<p>In etwa die H\u00e4lfte der Leute ist flei\u00dfig, viele stehen immer mit einer Hand zur Seite und bieten stets ihre Hilfe an. Ein krasses Gegenst\u00fcck sind Verw\u00f6hnte, die sich alles vorsetzen lassen und nix daf\u00fcr tun wollen, bzw. erkannt haben, dass es auch ohne ihre Hilfe funktioniert. Meist ist es dann zu m\u00fchsam den Leuten nachzurennen um ihnen Arbeit aufzuhalsen und so kommen sie, v\u00f6llig ohne schlechtes Gewissen, davon. Ansich st\u00f6rt mich das ja nicht wirklich, nur die Tatsache, dass es in einer Gruppe von (mehr oder weniger) Freunden nicht Fair ist nat\u00fcrlich im Hinterkopf vorhanden.<\/p>\n<p>Streitereien sind bei uns Gottseidank relativ selten, passiert es dennoch, so haben wir immer jemanden, der versucht alle zu vers\u00f6hnen und die Harmonie wieder herzustellen. Diese Gleichgewichtskraft will es nat\u00fcrlich allen recht machen was leider nicht wirklich so ohneweiters m\u00f6glich ist. Hin und wieder laufen Schlichtungsversuche auch schief, in dem die Person, die gerade beleidigt, b\u00f6se,&#8230; ist mit falschen Methoden beruhigt werden soll, die die Situation nur schlimmer machen.<\/p>\n<p><strong>Nicht nur Skilehrer und Lehrerinnen k\u00f6nnen helfen<\/strong><\/p>\n<p>Leider jedes mal erst gegen Ende des Urlaubs gewinne ich neue Erkentnisse, die mir helfen meine Skitechnik zu verbessern. So haben wir eine sehr gute Skifahrerin, die mir einiges, dass mir der Skilehrer im Februar im Eiltempo gesagt hatte, wieder ins Ged\u00e4chtnis gerufen hat. Mein gr\u00f6\u00dftes Problem ist der Schwerpunkt, der bei mir leider immer wieder nach hinten rutscht. Weiters habe ich mir eine bergoffene Haltung antrainiert (allerdings mit der normalen Skistellung), die ich gerade mit gro\u00dfer M\u00fche versuche wegzutrainieren. Jetzt muss ich allerdings wieder ein Jahr warten und hoffe es nicht zu vergessen! Die quasi-statische Oberk\u00f6rperhaltung und nur Bewegungen mit den F\u00fc\u00dfen\/Hintern und auch mein Versuch wieder Stecken zu verwenden haben sicher stark an meiner Kondition gezehrt. Jedoch macht es gleich viel mehr Spa\u00df, wenn das Fahren besser funktioniert!<\/p>\n<p>Alles in allem bin ich mit der Skisaison mehr als zufrieden (ich war dieses Jahr nicht krankheitshalber au\u00dfer gefecht) und hatte jede Menge Spa\u00df! Einzig meine Skischuhe tr\u00fcben die Stimmung etwas, da sie unbequem sind und au\u00dferdem undicht sind. Vielleicht lasse ich mir demn\u00e4chst mal welche ma\u00dfschneidern.[\/spoiler]<\/p>\n<div data-carousel-extra='{\"blog_id\":1,\"permalink\":\"http:\\\/\\\/www.chiller.at\\\/?p=4184\"}' id='gallery-1' class='gallery galleryid-4184 gallery-columns-4 gallery-size-thumbnail'><figure class='gallery-item'>\n\t\t\t<div class='gallery-icon landscape'>\n\t\t\t\t<a href='http:\/\/www.chiller.at\/wordpress\/wp-content\/uploads\/2012\/03\/Saalbach-7033.jpg'><img width=\"150\" height=\"150\" src=\"http:\/\/www.chiller.at\/wordpress\/wp-content\/uploads\/2012\/03\/Saalbach-7033-150x150.jpg\" class=\"attachment-thumbnail size-thumbnail\" alt=\"\" loading=\"lazy\" data-attachment-id=\"4206\" data-permalink=\"http:\/\/www.chiller.at\/?attachment_id=4206\" data-orig-file=\"http:\/\/www.chiller.at\/wordpress\/wp-content\/uploads\/2012\/03\/Saalbach-7033.jpg\" data-orig-size=\"700,565\" data-comments-opened=\"1\" data-image-meta=\"{&quot;aperture&quot;:&quot;2.8&quot;,&quot;credit&quot;:&quot;Florian Schilling&quot;,&quot;camera&quot;:&quot;Canon EOS 40D&quot;,&quot;caption&quot;:&quot;&quot;,&quot;created_timestamp&quot;:&quot;1331669758&quot;,&quot;copyright&quot;:&quot;\\u00c2\\u00a9 Florian Schilling&quot;,&quot;focal_length&quot;:&quot;17&quot;,&quot;iso&quot;:&quot;250&quot;,&quot;shutter_speed&quot;:&quot;0.01&quot;,&quot;title&quot;:&quot;&quot;}\" data-image-title=\"Ich ersch\u00f6pft bei der abendlichen Lekt\u00fcre (Colours of Magic &#8211; T.P.)\" data-image-description=\"\" data-medium-file=\"http:\/\/www.chiller.at\/wordpress\/wp-content\/uploads\/2012\/03\/Saalbach-7033-300x242.jpg\" data-large-file=\"http:\/\/www.chiller.at\/wordpress\/wp-content\/uploads\/2012\/03\/Saalbach-7033.jpg\" \/><\/a>\n\t\t\t<\/div><\/figure><figure class='gallery-item'>\n\t\t\t<div class='gallery-icon landscape'>\n\t\t\t\t<a href='http:\/\/www.chiller.at\/wordpress\/wp-content\/uploads\/2012\/03\/Saalbach-6953.jpg'><img width=\"150\" height=\"150\" src=\"http:\/\/www.chiller.at\/wordpress\/wp-content\/uploads\/2012\/03\/Saalbach-6953-150x150.jpg\" class=\"attachment-thumbnail size-thumbnail\" alt=\"\" loading=\"lazy\" data-attachment-id=\"4202\" data-permalink=\"http:\/\/www.chiller.at\/?attachment_id=4202\" data-orig-file=\"http:\/\/www.chiller.at\/wordpress\/wp-content\/uploads\/2012\/03\/Saalbach-6953.jpg\" data-orig-size=\"800,533\" data-comments-opened=\"1\" data-image-meta=\"{&quot;aperture&quot;:&quot;2.8&quot;,&quot;credit&quot;:&quot;Florian Schilling&quot;,&quot;camera&quot;:&quot;Canon EOS 40D&quot;,&quot;caption&quot;:&quot;&quot;,&quot;created_timestamp&quot;:&quot;1331574721&quot;,&quot;copyright&quot;:&quot;\\u00c2\\u00a9 Florian Schilling&quot;,&quot;focal_length&quot;:&quot;50&quot;,&quot;iso&quot;:&quot;100&quot;,&quot;shutter_speed&quot;:&quot;0.01&quot;,&quot;title&quot;:&quot;&quot;}\" data-image-title=\"Die Reste des Spinats\" data-image-description=\"\" data-medium-file=\"http:\/\/www.chiller.at\/wordpress\/wp-content\/uploads\/2012\/03\/Saalbach-6953-300x199.jpg\" data-large-file=\"http:\/\/www.chiller.at\/wordpress\/wp-content\/uploads\/2012\/03\/Saalbach-6953.jpg\" \/><\/a>\n\t\t\t<\/div><\/figure><figure class='gallery-item'>\n\t\t\t<div class='gallery-icon landscape'>\n\t\t\t\t<a href='http:\/\/www.chiller.at\/wordpress\/wp-content\/uploads\/2012\/03\/Saalbach-7024.jpg'><img width=\"150\" height=\"150\" src=\"http:\/\/www.chiller.at\/wordpress\/wp-content\/uploads\/2012\/03\/Saalbach-7024-150x150.jpg\" class=\"attachment-thumbnail size-thumbnail\" alt=\"\" loading=\"lazy\" data-attachment-id=\"4205\" data-permalink=\"http:\/\/www.chiller.at\/?attachment_id=4205\" data-orig-file=\"http:\/\/www.chiller.at\/wordpress\/wp-content\/uploads\/2012\/03\/Saalbach-7024.jpg\" data-orig-size=\"700,409\" data-comments-opened=\"1\" data-image-meta=\"{&quot;aperture&quot;:&quot;8&quot;,&quot;credit&quot;:&quot;Florian Schilling&quot;,&quot;camera&quot;:&quot;Canon EOS 40D&quot;,&quot;caption&quot;:&quot;&quot;,&quot;created_timestamp&quot;:&quot;1331654335&quot;,&quot;copyright&quot;:&quot;\\u00c2\\u00a9 Florian Schilling&quot;,&quot;focal_length&quot;:&quot;17&quot;,&quot;iso&quot;:&quot;100&quot;,&quot;shutter_speed&quot;:&quot;0.003125&quot;,&quot;title&quot;:&quot;&quot;}\" data-image-title=\"Verschneites Saalbach\" data-image-description=\"\" data-medium-file=\"http:\/\/www.chiller.at\/wordpress\/wp-content\/uploads\/2012\/03\/Saalbach-7024-300x175.jpg\" data-large-file=\"http:\/\/www.chiller.at\/wordpress\/wp-content\/uploads\/2012\/03\/Saalbach-7024.jpg\" \/><\/a>\n\t\t\t<\/div><\/figure><figure class='gallery-item'>\n\t\t\t<div class='gallery-icon landscape'>\n\t\t\t\t<a href='http:\/\/www.chiller.at\/wordpress\/wp-content\/uploads\/2012\/03\/Saalbach-7096.jpg'><img width=\"150\" height=\"150\" src=\"http:\/\/www.chiller.at\/wordpress\/wp-content\/uploads\/2012\/03\/Saalbach-7096-150x150.jpg\" class=\"attachment-thumbnail size-thumbnail\" alt=\"\" loading=\"lazy\" data-attachment-id=\"4240\" data-permalink=\"http:\/\/www.chiller.at\/?attachment_id=4240\" data-orig-file=\"http:\/\/www.chiller.at\/wordpress\/wp-content\/uploads\/2012\/03\/Saalbach-7096.jpg\" data-orig-size=\"700,467\" data-comments-opened=\"1\" data-image-meta=\"{&quot;aperture&quot;:&quot;5.6&quot;,&quot;credit&quot;:&quot;Florian Schilling&quot;,&quot;camera&quot;:&quot;Canon EOS 40D&quot;,&quot;caption&quot;:&quot;&quot;,&quot;created_timestamp&quot;:&quot;1331889992&quot;,&quot;copyright&quot;:&quot;\\u00c2\\u00a9 Florian Schilling&quot;,&quot;focal_length&quot;:&quot;17&quot;,&quot;iso&quot;:&quot;100&quot;,&quot;shutter_speed&quot;:&quot;0.00625&quot;,&quot;title&quot;:&quot;&quot;}\" data-image-title=\"Abschlussfoto\" data-image-description=\"\" data-medium-file=\"http:\/\/www.chiller.at\/wordpress\/wp-content\/uploads\/2012\/03\/Saalbach-7096-300x200.jpg\" data-large-file=\"http:\/\/www.chiller.at\/wordpress\/wp-content\/uploads\/2012\/03\/Saalbach-7096.jpg\" \/><\/a>\n\t\t\t<\/div><\/figure><figure class='gallery-item'>\n\t\t\t<div class='gallery-icon landscape'>\n\t\t\t\t<a href='http:\/\/www.chiller.at\/wordpress\/wp-content\/uploads\/2012\/03\/Saalbach-6998.jpg'><img width=\"150\" height=\"150\" src=\"http:\/\/www.chiller.at\/wordpress\/wp-content\/uploads\/2012\/03\/Saalbach-6998-150x150.jpg\" class=\"attachment-thumbnail size-thumbnail\" alt=\"\" loading=\"lazy\" data-attachment-id=\"4204\" data-permalink=\"http:\/\/www.chiller.at\/?attachment_id=4204\" data-orig-file=\"http:\/\/www.chiller.at\/wordpress\/wp-content\/uploads\/2012\/03\/Saalbach-6998.jpg\" data-orig-size=\"700,512\" data-comments-opened=\"1\" data-image-meta=\"{&quot;aperture&quot;:&quot;4&quot;,&quot;credit&quot;:&quot;Florian Schilling&quot;,&quot;camera&quot;:&quot;Canon EOS 40D&quot;,&quot;caption&quot;:&quot;&quot;,&quot;created_timestamp&quot;:&quot;1331588343&quot;,&quot;copyright&quot;:&quot;\\u00c2\\u00a9 Florian Schilling&quot;,&quot;focal_length&quot;:&quot;19&quot;,&quot;iso&quot;:&quot;400&quot;,&quot;shutter_speed&quot;:&quot;0.004&quot;,&quot;title&quot;:&quot;&quot;}\" data-image-title=\"P Slide\" data-image-description=\"\" data-medium-file=\"http:\/\/www.chiller.at\/wordpress\/wp-content\/uploads\/2012\/03\/Saalbach-6998-300x219.jpg\" data-large-file=\"http:\/\/www.chiller.at\/wordpress\/wp-content\/uploads\/2012\/03\/Saalbach-6998.jpg\" \/><\/a>\n\t\t\t<\/div><\/figure><figure class='gallery-item'>\n\t\t\t<div class='gallery-icon landscape'>\n\t\t\t\t<a href='http:\/\/www.chiller.at\/wordpress\/wp-content\/uploads\/2012\/03\/Saalbach-7075-2.jpg'><img width=\"150\" height=\"150\" src=\"http:\/\/www.chiller.at\/wordpress\/wp-content\/uploads\/2012\/03\/Saalbach-7075-2-150x150.jpg\" class=\"attachment-thumbnail size-thumbnail\" alt=\"\" loading=\"lazy\" data-attachment-id=\"4209\" data-permalink=\"http:\/\/www.chiller.at\/?attachment_id=4209\" data-orig-file=\"http:\/\/www.chiller.at\/wordpress\/wp-content\/uploads\/2012\/03\/Saalbach-7075-2.jpg\" data-orig-size=\"700,556\" data-comments-opened=\"1\" data-image-meta=\"{&quot;aperture&quot;:&quot;2.8&quot;,&quot;credit&quot;:&quot;Florian Schilling&quot;,&quot;camera&quot;:&quot;Canon EOS 40D&quot;,&quot;caption&quot;:&quot;&quot;,&quot;created_timestamp&quot;:&quot;1331759453&quot;,&quot;copyright&quot;:&quot;\\u00c2\\u00a9 Florian Schilling&quot;,&quot;focal_length&quot;:&quot;50&quot;,&quot;iso&quot;:&quot;100&quot;,&quot;shutter_speed&quot;:&quot;0.00625&quot;,&quot;title&quot;:&quot;&quot;}\" data-image-title=\"Verdauungsschnaps\" data-image-description=\"\" data-medium-file=\"http:\/\/www.chiller.at\/wordpress\/wp-content\/uploads\/2012\/03\/Saalbach-7075-2-300x238.jpg\" data-large-file=\"http:\/\/www.chiller.at\/wordpress\/wp-content\/uploads\/2012\/03\/Saalbach-7075-2.jpg\" \/><\/a>\n\t\t\t<\/div><\/figure><figure class='gallery-item'>\n\t\t\t<div class='gallery-icon landscape'>\n\t\t\t\t<a href='http:\/\/www.chiller.at\/wordpress\/wp-content\/uploads\/2012\/03\/Saalbach-6994.jpg'><img width=\"150\" height=\"150\" src=\"http:\/\/www.chiller.at\/wordpress\/wp-content\/uploads\/2012\/03\/Saalbach-6994-150x150.jpg\" class=\"attachment-thumbnail size-thumbnail\" alt=\"\" loading=\"lazy\" data-attachment-id=\"4203\" data-permalink=\"http:\/\/www.chiller.at\/?attachment_id=4203\" data-orig-file=\"http:\/\/www.chiller.at\/wordpress\/wp-content\/uploads\/2012\/03\/Saalbach-6994.jpg\" data-orig-size=\"700,586\" data-comments-opened=\"1\" data-image-meta=\"{&quot;aperture&quot;:&quot;4&quot;,&quot;credit&quot;:&quot;Florian Schilling&quot;,&quot;camera&quot;:&quot;Canon EOS 40D&quot;,&quot;caption&quot;:&quot;&quot;,&quot;created_timestamp&quot;:&quot;1331588295&quot;,&quot;copyright&quot;:&quot;\\u00c2\\u00a9 Florian Schilling&quot;,&quot;focal_length&quot;:&quot;19&quot;,&quot;iso&quot;:&quot;400&quot;,&quot;shutter_speed&quot;:&quot;0.004&quot;,&quot;title&quot;:&quot;&quot;}\" data-image-title=\"N Jump\" data-image-description=\"\" data-medium-file=\"http:\/\/www.chiller.at\/wordpress\/wp-content\/uploads\/2012\/03\/Saalbach-6994-300x251.jpg\" data-large-file=\"http:\/\/www.chiller.at\/wordpress\/wp-content\/uploads\/2012\/03\/Saalbach-6994.jpg\" \/><\/a>\n\t\t\t<\/div><\/figure><figure class='gallery-item'>\n\t\t\t<div class='gallery-icon landscape'>\n\t\t\t\t<a href='http:\/\/www.chiller.at\/wordpress\/wp-content\/uploads\/2012\/03\/Saalbach-7027.jpg'><img width=\"150\" height=\"150\" src=\"http:\/\/www.chiller.at\/wordpress\/wp-content\/uploads\/2012\/03\/Saalbach-7027-150x150.jpg\" class=\"attachment-thumbnail size-thumbnail\" alt=\"\" loading=\"lazy\" data-attachment-id=\"4239\" data-permalink=\"http:\/\/www.chiller.at\/?attachment_id=4239\" data-orig-file=\"http:\/\/www.chiller.at\/wordpress\/wp-content\/uploads\/2012\/03\/Saalbach-7027.jpg\" data-orig-size=\"700,467\" data-comments-opened=\"1\" data-image-meta=\"{&quot;aperture&quot;:&quot;10&quot;,&quot;credit&quot;:&quot;Florian Schilling&quot;,&quot;camera&quot;:&quot;Canon EOS 40D&quot;,&quot;caption&quot;:&quot;&quot;,&quot;created_timestamp&quot;:&quot;1331659148&quot;,&quot;copyright&quot;:&quot;\\u00c2\\u00a9 Florian Schilling&quot;,&quot;focal_length&quot;:&quot;17&quot;,&quot;iso&quot;:&quot;100&quot;,&quot;shutter_speed&quot;:&quot;0.004&quot;,&quot;title&quot;:&quot;&quot;}\" data-image-title=\"Nachmittag in der Sonne\" data-image-description=\"\" data-medium-file=\"http:\/\/www.chiller.at\/wordpress\/wp-content\/uploads\/2012\/03\/Saalbach-7027-300x200.jpg\" data-large-file=\"http:\/\/www.chiller.at\/wordpress\/wp-content\/uploads\/2012\/03\/Saalbach-7027.jpg\" \/><\/a>\n\t\t\t<\/div><\/figure><figure class='gallery-item'>\n\t\t\t<div class='gallery-icon landscape'>\n\t\t\t\t<a href='http:\/\/www.chiller.at\/wordpress\/wp-content\/uploads\/2012\/03\/Saalbach-6939.jpg'><img width=\"150\" height=\"150\" src=\"http:\/\/www.chiller.at\/wordpress\/wp-content\/uploads\/2012\/03\/Saalbach-6939-150x150.jpg\" class=\"attachment-thumbnail size-thumbnail\" alt=\"\" loading=\"lazy\" data-attachment-id=\"4201\" data-permalink=\"http:\/\/www.chiller.at\/?attachment_id=4201\" data-orig-file=\"http:\/\/www.chiller.at\/wordpress\/wp-content\/uploads\/2012\/03\/Saalbach-6939.jpg\" data-orig-size=\"800,390\" data-comments-opened=\"1\" data-image-meta=\"{&quot;aperture&quot;:&quot;8&quot;,&quot;credit&quot;:&quot;Florian Schilling&quot;,&quot;camera&quot;:&quot;Canon EOS 40D&quot;,&quot;caption&quot;:&quot;&quot;,&quot;created_timestamp&quot;:&quot;1331416585&quot;,&quot;copyright&quot;:&quot;\\u00c2\\u00a9 Florian Schilling&quot;,&quot;focal_length&quot;:&quot;10&quot;,&quot;iso&quot;:&quot;100&quot;,&quot;shutter_speed&quot;:&quot;40&quot;,&quot;title&quot;:&quot;&quot;}\" data-image-title=\"Saalbach bei Nacht\" data-image-description=\"\" data-medium-file=\"http:\/\/www.chiller.at\/wordpress\/wp-content\/uploads\/2012\/03\/Saalbach-6939-300x146.jpg\" data-large-file=\"http:\/\/www.chiller.at\/wordpress\/wp-content\/uploads\/2012\/03\/Saalbach-6939.jpg\" \/><\/a>\n\t\t\t<\/div><\/figure><figure class='gallery-item'>\n\t\t\t<div class='gallery-icon landscape'>\n\t\t\t\t<a href='http:\/\/www.chiller.at\/wordpress\/wp-content\/uploads\/2012\/03\/Saalbach-7060.jpg'><img width=\"150\" height=\"150\" src=\"http:\/\/www.chiller.at\/wordpress\/wp-content\/uploads\/2012\/03\/Saalbach-7060-150x150.jpg\" class=\"attachment-thumbnail size-thumbnail\" alt=\"\" loading=\"lazy\" data-attachment-id=\"4207\" data-permalink=\"http:\/\/www.chiller.at\/?attachment_id=4207\" data-orig-file=\"http:\/\/www.chiller.at\/wordpress\/wp-content\/uploads\/2012\/03\/Saalbach-7060.jpg\" data-orig-size=\"700,469\" data-comments-opened=\"1\" data-image-meta=\"{&quot;aperture&quot;:&quot;2.8&quot;,&quot;credit&quot;:&quot;Florian Schilling&quot;,&quot;camera&quot;:&quot;Canon EOS 40D&quot;,&quot;caption&quot;:&quot;&quot;,&quot;created_timestamp&quot;:&quot;1331757006&quot;,&quot;copyright&quot;:&quot;\\u00c2\\u00a9 Florian Schilling&quot;,&quot;focal_length&quot;:&quot;50&quot;,&quot;iso&quot;:&quot;100&quot;,&quot;shutter_speed&quot;:&quot;0.00625&quot;,&quot;title&quot;:&quot;&quot;}\" data-image-title=\"Die Reste der Grillplatte (Ripperl)\" data-image-description=\"\" data-medium-file=\"http:\/\/www.chiller.at\/wordpress\/wp-content\/uploads\/2012\/03\/Saalbach-7060-300x201.jpg\" data-large-file=\"http:\/\/www.chiller.at\/wordpress\/wp-content\/uploads\/2012\/03\/Saalbach-7060.jpg\" \/><\/a>\n\t\t\t<\/div><\/figure>\n\t\t<\/div>\n\n","protected":false},"excerpt":{"rendered":"<p>Erstmals seit vielen Jahren war das Wetter (zumindest im Februar) wieder pistenfreundlicher. Dieses Mal hatte ich auf alle F\u00e4lle sehr viel Spa\u00df und hoffe nat\u00fcrlich, dass es n\u00e4chstes Jahr auch wieder super wird. Als kleine Abrundung habe ich hier meine Gedanken \u00fcber Gruppendynamik verfasst, die vielleicht interessant sind und zeigen, dass es nicht nur im &hellip; <a href=\"http:\/\/www.chiller.at\/?p=4184\" class=\"more-link\"><span class=\"screen-reader-text\">Ende der Skisaison 2011\/12<\/span> weiterlesen <span class=\"meta-nav\">&rarr;<\/span><\/a><\/p>\n","protected":false},"author":1,"featured_media":0,"comment_status":"open","ping_status":"open","sticky":false,"template":"","format":"standard","meta":{"spay_email":"","jetpack_publicize_message":"","jetpack_is_tweetstorm":false},"categories":[79,285],"tags":[140,155,83,81,86,145,146,87,246,80,403,215],"jetpack_featured_media_url":"","jetpack_publicize_connections":[],"jetpack_sharing_enabled":true,"jetpack_shortlink":"https:\/\/wp.me\/p20QI6-15u","jetpack_likes_enabled":true,"_links":{"self":[{"href":"http:\/\/www.chiller.at\/index.php?rest_route=\/wp\/v2\/posts\/4184"}],"collection":[{"href":"http:\/\/www.chiller.at\/index.php?rest_route=\/wp\/v2\/posts"}],"about":[{"href":"http:\/\/www.chiller.at\/index.php?rest_route=\/wp\/v2\/types\/post"}],"author":[{"embeddable":true,"href":"http:\/\/www.chiller.at\/index.php?rest_route=\/wp\/v2\/users\/1"}],"replies":[{"embeddable":true,"href":"http:\/\/www.chiller.at\/index.php?rest_route=%2Fwp%2Fv2%2Fcomments&post=4184"}],"version-history":[{"count":0,"href":"http:\/\/www.chiller.at\/index.php?rest_route=\/wp\/v2\/posts\/4184\/revisions"}],"wp:attachment":[{"href":"http:\/\/www.chiller.at\/index.php?rest_route=%2Fwp%2Fv2%2Fmedia&parent=4184"}],"wp:term":[{"taxonomy":"category","embeddable":true,"href":"http:\/\/www.chiller.at\/index.php?rest_route=%2Fwp%2Fv2%2Fcategories&post=4184"},{"taxonomy":"post_tag","embeddable":true,"href":"http:\/\/www.chiller.at\/index.php?rest_route=%2Fwp%2Fv2%2Ftags&post=4184"}],"curies":[{"name":"wp","href":"https:\/\/api.w.org\/{rel}","templated":true}]}}