{"id":3823,"date":"2012-03-11T12:32:37","date_gmt":"2012-03-11T11:32:37","guid":{"rendered":"http:\/\/www.chiller.at\/?p=3823"},"modified":"2012-03-08T01:38:54","modified_gmt":"2012-03-08T00:38:54","slug":"2011-1001-bewerbungsfotos-p","status":"publish","type":"post","link":"http:\/\/www.chiller.at\/?p=3823","title":{"rendered":"2011 1001 &#8211; Bewerbungsfotos P."},"content":{"rendered":"<p><strong>Einer meiner besten Freunde bat mich f\u00fcr einen Firmenwechsel neue Bewerbungsfotos zu machen und so trafen wir uns &#8211; wie sollte es anders sein &#8211; am Heldenplatz. Schon ein wenig routinierter waren die Fotos nach 15 Minuten im Kasten und wir konnten gem\u00fctlich auf einen Cocktail mit Nachos gehen.<\/strong><\/p>\n<p>Langsam wird es Zeit f\u00fcr andere\/bessere Locations. Der Heldenplatz ist zwar einer meiner Lieblingsorte, die Hintergr\u00fcnde allerdings nicht immer optimal. Interessant w\u00e4re es vielleicht in einer BusinessUmgebung, wie einem B\u00fcrohochhaus mit Blick \u00fcber die Stadt oder \u00e4hnlich. Mein Equipment ist jedenfalls aufgestockt, daher sollte es auch m\u00f6glich sein ein IndoorShooting mit Blitzen zu unterst\u00fctzen. Weiters denke ich, dass mein Diffusor\/Reflektor sicher auch n\u00fctzlich sein wird.<\/p>\n<p>Zu den Fotos muss ich sagen, dass Blickkontakt auf alle F\u00e4lle besser r\u00fcberkommt und dunkler Hintergrund mehr Wirkung hervorruft. Ein Experiment mit rot schl\u00e4gt sich nicht nur sehr mit dem Schwarz des Anzugs sondern ist auch sehr aggressiv.<\/p>\n<div data-carousel-extra='{\"blog_id\":1,\"permalink\":\"http:\\\/\\\/www.chiller.at\\\/?p=3823\"}' id='gallery-1' class='gallery galleryid-3823 gallery-columns-3 gallery-size-thumbnail'><figure class='gallery-item'>\n\t\t\t<div class='gallery-icon portrait'>\n\t\t\t\t<a href='http:\/\/www.chiller.at\/wordpress\/wp-content\/uploads\/2012\/03\/Bewerbung-P-1.jpg'><img width=\"150\" height=\"150\" src=\"http:\/\/www.chiller.at\/wordpress\/wp-content\/uploads\/2012\/03\/Bewerbung-P-1-150x150.jpg\" class=\"attachment-thumbnail size-thumbnail\" alt=\"\" loading=\"lazy\" data-attachment-id=\"4171\" data-permalink=\"http:\/\/www.chiller.at\/?attachment_id=4171\" data-orig-file=\"http:\/\/www.chiller.at\/wordpress\/wp-content\/uploads\/2012\/03\/Bewerbung-P-1.jpg\" data-orig-size=\"610,700\" data-comments-opened=\"1\" data-image-meta=\"{&quot;aperture&quot;:&quot;2.8&quot;,&quot;credit&quot;:&quot;Florian Schilling&quot;,&quot;camera&quot;:&quot;Canon EOS 40D&quot;,&quot;caption&quot;:&quot;&quot;,&quot;created_timestamp&quot;:&quot;1317491874&quot;,&quot;copyright&quot;:&quot;\\u00c2\\u00a9 Florian Schilling&quot;,&quot;focal_length&quot;:&quot;50&quot;,&quot;iso&quot;:&quot;100&quot;,&quot;shutter_speed&quot;:&quot;0.008&quot;,&quot;title&quot;:&quot;&quot;}\" data-image-title=\"Dynamisch, sportlich\" data-image-description=\"\" data-medium-file=\"http:\/\/www.chiller.at\/wordpress\/wp-content\/uploads\/2012\/03\/Bewerbung-P-1-261x300.jpg\" data-large-file=\"http:\/\/www.chiller.at\/wordpress\/wp-content\/uploads\/2012\/03\/Bewerbung-P-1.jpg\" \/><\/a>\n\t\t\t<\/div><\/figure><figure class='gallery-item'>\n\t\t\t<div class='gallery-icon landscape'>\n\t\t\t\t<a href='http:\/\/www.chiller.at\/wordpress\/wp-content\/uploads\/2012\/03\/Bewerbung-P-11.jpg'><img width=\"150\" height=\"150\" src=\"http:\/\/www.chiller.at\/wordpress\/wp-content\/uploads\/2012\/03\/Bewerbung-P-11-150x150.jpg\" class=\"attachment-thumbnail size-thumbnail\" alt=\"\" loading=\"lazy\" srcset=\"http:\/\/www.chiller.at\/wordpress\/wp-content\/uploads\/2012\/03\/Bewerbung-P-11-150x150.jpg 150w, http:\/\/www.chiller.at\/wordpress\/wp-content\/uploads\/2012\/03\/Bewerbung-P-11-300x300.jpg 300w, http:\/\/www.chiller.at\/wordpress\/wp-content\/uploads\/2012\/03\/Bewerbung-P-11.jpg 700w\" sizes=\"(max-width: 150px) 100vw, 150px\" data-attachment-id=\"4178\" data-permalink=\"http:\/\/www.chiller.at\/?attachment_id=4178\" data-orig-file=\"http:\/\/www.chiller.at\/wordpress\/wp-content\/uploads\/2012\/03\/Bewerbung-P-11.jpg\" data-orig-size=\"700,700\" data-comments-opened=\"1\" data-image-meta=\"{&quot;aperture&quot;:&quot;2.8&quot;,&quot;credit&quot;:&quot;Florian Schilling&quot;,&quot;camera&quot;:&quot;Canon EOS 40D&quot;,&quot;caption&quot;:&quot;&quot;,&quot;created_timestamp&quot;:&quot;1317492646&quot;,&quot;copyright&quot;:&quot;\\u00c2\\u00a9 Florian Schilling&quot;,&quot;focal_length&quot;:&quot;90&quot;,&quot;iso&quot;:&quot;200&quot;,&quot;shutter_speed&quot;:&quot;0.005&quot;,&quot;title&quot;:&quot;&quot;}\" data-image-title=\"Business\" data-image-description=\"\" data-medium-file=\"http:\/\/www.chiller.at\/wordpress\/wp-content\/uploads\/2012\/03\/Bewerbung-P-11-300x300.jpg\" data-large-file=\"http:\/\/www.chiller.at\/wordpress\/wp-content\/uploads\/2012\/03\/Bewerbung-P-11.jpg\" \/><\/a>\n\t\t\t<\/div><\/figure><figure class='gallery-item'>\n\t\t\t<div class='gallery-icon portrait'>\n\t\t\t\t<a href='http:\/\/www.chiller.at\/wordpress\/wp-content\/uploads\/2012\/03\/Bewerbung-P-2.jpg'><img width=\"150\" height=\"150\" src=\"http:\/\/www.chiller.at\/wordpress\/wp-content\/uploads\/2012\/03\/Bewerbung-P-2-150x150.jpg\" class=\"attachment-thumbnail size-thumbnail\" alt=\"\" loading=\"lazy\" data-attachment-id=\"4172\" data-permalink=\"http:\/\/www.chiller.at\/?attachment_id=4172\" data-orig-file=\"http:\/\/www.chiller.at\/wordpress\/wp-content\/uploads\/2012\/03\/Bewerbung-P-2.jpg\" data-orig-size=\"682,700\" data-comments-opened=\"1\" data-image-meta=\"{&quot;aperture&quot;:&quot;2.8&quot;,&quot;credit&quot;:&quot;Florian Schilling&quot;,&quot;camera&quot;:&quot;Canon EOS 40D&quot;,&quot;caption&quot;:&quot;&quot;,&quot;created_timestamp&quot;:&quot;1317491886&quot;,&quot;copyright&quot;:&quot;\\u00c2\\u00a9 Florian Schilling&quot;,&quot;focal_length&quot;:&quot;50&quot;,&quot;iso&quot;:&quot;100&quot;,&quot;shutter_speed&quot;:&quot;0.008&quot;,&quot;title&quot;:&quot;&quot;}\" data-image-title=\"In die Ferne schweifen&#8230;\" data-image-description=\"\" data-medium-file=\"http:\/\/www.chiller.at\/wordpress\/wp-content\/uploads\/2012\/03\/Bewerbung-P-2-292x300.jpg\" data-large-file=\"http:\/\/www.chiller.at\/wordpress\/wp-content\/uploads\/2012\/03\/Bewerbung-P-2.jpg\" \/><\/a>\n\t\t\t<\/div><\/figure>\n\t\t<\/div>\n\n","protected":false},"excerpt":{"rendered":"<p>Einer meiner besten Freunde bat mich f\u00fcr einen Firmenwechsel neue Bewerbungsfotos zu machen und so trafen wir uns &#8211; wie sollte es anders sein &#8211; am Heldenplatz. Schon ein wenig routinierter waren die Fotos nach 15 Minuten im Kasten und wir konnten gem\u00fctlich auf einen Cocktail mit Nachos gehen. Langsam wird es Zeit f\u00fcr andere\/bessere &hellip; <a href=\"http:\/\/www.chiller.at\/?p=3823\" class=\"more-link\"><span class=\"screen-reader-text\">2011 1001 &#8211; Bewerbungsfotos P.<\/span> weiterlesen <span class=\"meta-nav\">&rarr;<\/span><\/a><\/p>\n","protected":false},"author":1,"featured_media":0,"comment_status":"open","ping_status":"open","sticky":false,"template":"","format":"standard","meta":{"spay_email":"","jetpack_publicize_message":"","jetpack_is_tweetstorm":false},"categories":[279],"tags":[86,87,253],"jetpack_featured_media_url":"","jetpack_publicize_connections":[],"jetpack_sharing_enabled":true,"jetpack_shortlink":"https:\/\/wp.me\/p20QI6-ZF","jetpack_likes_enabled":true,"_links":{"self":[{"href":"http:\/\/www.chiller.at\/index.php?rest_route=\/wp\/v2\/posts\/3823"}],"collection":[{"href":"http:\/\/www.chiller.at\/index.php?rest_route=\/wp\/v2\/posts"}],"about":[{"href":"http:\/\/www.chiller.at\/index.php?rest_route=\/wp\/v2\/types\/post"}],"author":[{"embeddable":true,"href":"http:\/\/www.chiller.at\/index.php?rest_route=\/wp\/v2\/users\/1"}],"replies":[{"embeddable":true,"href":"http:\/\/www.chiller.at\/index.php?rest_route=%2Fwp%2Fv2%2Fcomments&post=3823"}],"version-history":[{"count":0,"href":"http:\/\/www.chiller.at\/index.php?rest_route=\/wp\/v2\/posts\/3823\/revisions"}],"wp:attachment":[{"href":"http:\/\/www.chiller.at\/index.php?rest_route=%2Fwp%2Fv2%2Fmedia&parent=3823"}],"wp:term":[{"taxonomy":"category","embeddable":true,"href":"http:\/\/www.chiller.at\/index.php?rest_route=%2Fwp%2Fv2%2Fcategories&post=3823"},{"taxonomy":"post_tag","embeddable":true,"href":"http:\/\/www.chiller.at\/index.php?rest_route=%2Fwp%2Fv2%2Ftags&post=3823"}],"curies":[{"name":"wp","href":"https:\/\/api.w.org\/{rel}","templated":true}]}}