{"id":3811,"date":"2012-02-12T15:33:55","date_gmt":"2012-02-12T14:33:55","guid":{"rendered":"http:\/\/www.chiller.at\/?p=3811"},"modified":"2012-02-12T15:33:55","modified_gmt":"2012-02-12T14:33:55","slug":"2011-0709-augarten","status":"publish","type":"post","link":"http:\/\/www.chiller.at\/?p=3811","title":{"rendered":"2011 0709 &#8211; Augarten"},"content":{"rendered":"<p><strong>Auf der Suche nach einem Fotorucksack f\u00fcr l\u00e4ngere Reisen fiel mein 70-300mm Teleobjektiv zu Boden. Ein Mitarbeiter des Fotofachgesch\u00e4ftes hatte es (relativ unschuldiger Weise) beim anheben eines Rucksackes durchrutschen lassen (der untere Zipp war nicht zu). Ein wenig geschockt testeten wir es sofort und ich machte auch am Wochenende darauf ein paar Shots im Augarten. Es scheint allerdings alles in Ordnung zu sein (auch heute noch)&#8230;<\/strong><\/p>\n<div data-carousel-extra='{\"blog_id\":1,\"permalink\":\"http:\\\/\\\/www.chiller.at\\\/?p=3811\"}' id='gallery-1' class='gallery galleryid-3811 gallery-columns-3 gallery-size-thumbnail'><figure class='gallery-item'>\n\t\t\t<div class='gallery-icon landscape'>\n\t\t\t\t<a href='http:\/\/www.chiller.at\/wordpress\/wp-content\/uploads\/2012\/02\/Augarten-2661.jpg'><img width=\"150\" height=\"150\" src=\"http:\/\/www.chiller.at\/wordpress\/wp-content\/uploads\/2012\/02\/Augarten-2661-150x150.jpg\" class=\"attachment-thumbnail size-thumbnail\" alt=\"\" loading=\"lazy\" data-attachment-id=\"4102\" data-permalink=\"http:\/\/www.chiller.at\/?attachment_id=4102\" data-orig-file=\"http:\/\/www.chiller.at\/wordpress\/wp-content\/uploads\/2012\/02\/Augarten-2661.jpg\" data-orig-size=\"800,629\" data-comments-opened=\"1\" data-image-meta=\"{&quot;aperture&quot;:&quot;9&quot;,&quot;credit&quot;:&quot;Florian Schilling&quot;,&quot;camera&quot;:&quot;Canon EOS 40D&quot;,&quot;caption&quot;:&quot;&quot;,&quot;created_timestamp&quot;:&quot;1310228038&quot;,&quot;copyright&quot;:&quot;\\u00c2\\u00a9 Florian Schilling&quot;,&quot;focal_length&quot;:&quot;100&quot;,&quot;iso&quot;:&quot;100&quot;,&quot;shutter_speed&quot;:&quot;0.003125&quot;,&quot;title&quot;:&quot;&quot;}\" data-image-title=\"FLAK Turm\" data-image-description=\"\" data-medium-file=\"http:\/\/www.chiller.at\/wordpress\/wp-content\/uploads\/2012\/02\/Augarten-2661-300x235.jpg\" data-large-file=\"http:\/\/www.chiller.at\/wordpress\/wp-content\/uploads\/2012\/02\/Augarten-2661.jpg\" \/><\/a>\n\t\t\t<\/div><\/figure><figure class='gallery-item'>\n\t\t\t<div class='gallery-icon landscape'>\n\t\t\t\t<a href='http:\/\/www.chiller.at\/wordpress\/wp-content\/uploads\/2012\/02\/Augarten-2659.jpg'><img width=\"150\" height=\"150\" src=\"http:\/\/www.chiller.at\/wordpress\/wp-content\/uploads\/2012\/02\/Augarten-2659-150x150.jpg\" class=\"attachment-thumbnail size-thumbnail\" alt=\"\" loading=\"lazy\" data-attachment-id=\"4101\" data-permalink=\"http:\/\/www.chiller.at\/?attachment_id=4101\" data-orig-file=\"http:\/\/www.chiller.at\/wordpress\/wp-content\/uploads\/2012\/02\/Augarten-2659.jpg\" data-orig-size=\"800,533\" data-comments-opened=\"1\" data-image-meta=\"{&quot;aperture&quot;:&quot;7.1&quot;,&quot;credit&quot;:&quot;Florian Schilling&quot;,&quot;camera&quot;:&quot;Canon EOS 40D&quot;,&quot;caption&quot;:&quot;&quot;,&quot;created_timestamp&quot;:&quot;1310227967&quot;,&quot;copyright&quot;:&quot;\\u00c2\\u00a9 Florian Schilling&quot;,&quot;focal_length&quot;:&quot;135&quot;,&quot;iso&quot;:&quot;100&quot;,&quot;shutter_speed&quot;:&quot;0.005&quot;,&quot;title&quot;:&quot;&quot;}\" data-image-title=\"Ziegelmauer\" data-image-description=\"\" data-medium-file=\"http:\/\/www.chiller.at\/wordpress\/wp-content\/uploads\/2012\/02\/Augarten-2659-300x199.jpg\" data-large-file=\"http:\/\/www.chiller.at\/wordpress\/wp-content\/uploads\/2012\/02\/Augarten-2659.jpg\" \/><\/a>\n\t\t\t<\/div><\/figure><figure class='gallery-item'>\n\t\t\t<div class='gallery-icon portrait'>\n\t\t\t\t<a href='http:\/\/www.chiller.at\/wordpress\/wp-content\/uploads\/2012\/02\/Augarten-2682.jpg'><img width=\"150\" height=\"150\" src=\"http:\/\/www.chiller.at\/wordpress\/wp-content\/uploads\/2012\/02\/Augarten-2682-150x150.jpg\" class=\"attachment-thumbnail size-thumbnail\" alt=\"\" loading=\"lazy\" data-attachment-id=\"4105\" data-permalink=\"http:\/\/www.chiller.at\/?attachment_id=4105\" data-orig-file=\"http:\/\/www.chiller.at\/wordpress\/wp-content\/uploads\/2012\/02\/Augarten-2682.jpg\" data-orig-size=\"523,700\" data-comments-opened=\"1\" data-image-meta=\"{&quot;aperture&quot;:&quot;8&quot;,&quot;credit&quot;:&quot;Florian Schilling&quot;,&quot;camera&quot;:&quot;Canon EOS 40D&quot;,&quot;caption&quot;:&quot;&quot;,&quot;created_timestamp&quot;:&quot;1310229249&quot;,&quot;copyright&quot;:&quot;\\u00c2\\u00a9 Florian Schilling&quot;,&quot;focal_length&quot;:&quot;105&quot;,&quot;iso&quot;:&quot;100&quot;,&quot;shutter_speed&quot;:&quot;0.004&quot;,&quot;title&quot;:&quot;&quot;}\" data-image-title=\"Pfeiler\" data-image-description=\"\" data-medium-file=\"http:\/\/www.chiller.at\/wordpress\/wp-content\/uploads\/2012\/02\/Augarten-2682-224x300.jpg\" data-large-file=\"http:\/\/www.chiller.at\/wordpress\/wp-content\/uploads\/2012\/02\/Augarten-2682.jpg\" \/><\/a>\n\t\t\t<\/div><\/figure>\n\t\t<\/div>\n\n","protected":false},"excerpt":{"rendered":"<p>Auf der Suche nach einem Fotorucksack f\u00fcr l\u00e4ngere Reisen fiel mein 70-300mm Teleobjektiv zu Boden. Ein Mitarbeiter des Fotofachgesch\u00e4ftes hatte es (relativ unschuldiger Weise) beim anheben eines Rucksackes durchrutschen lassen (der untere Zipp war nicht zu). Ein wenig geschockt testeten wir es sofort und ich machte auch am Wochenende darauf ein paar Shots im Augarten. &hellip; <a href=\"http:\/\/www.chiller.at\/?p=3811\" class=\"more-link\"><span class=\"screen-reader-text\">2011 0709 &#8211; Augarten<\/span> weiterlesen <span class=\"meta-nav\">&rarr;<\/span><\/a><\/p>\n","protected":false},"author":1,"featured_media":0,"comment_status":"open","ping_status":"open","sticky":false,"template":"","format":"standard","meta":{"spay_email":"","jetpack_publicize_message":"","jetpack_is_tweetstorm":false},"categories":[279],"tags":[188,269,270,105,122,121,225,186,104,224],"jetpack_featured_media_url":"","jetpack_publicize_connections":[],"jetpack_sharing_enabled":true,"jetpack_shortlink":"https:\/\/wp.me\/p20QI6-Zt","jetpack_likes_enabled":true,"_links":{"self":[{"href":"http:\/\/www.chiller.at\/index.php?rest_route=\/wp\/v2\/posts\/3811"}],"collection":[{"href":"http:\/\/www.chiller.at\/index.php?rest_route=\/wp\/v2\/posts"}],"about":[{"href":"http:\/\/www.chiller.at\/index.php?rest_route=\/wp\/v2\/types\/post"}],"author":[{"embeddable":true,"href":"http:\/\/www.chiller.at\/index.php?rest_route=\/wp\/v2\/users\/1"}],"replies":[{"embeddable":true,"href":"http:\/\/www.chiller.at\/index.php?rest_route=%2Fwp%2Fv2%2Fcomments&post=3811"}],"version-history":[{"count":0,"href":"http:\/\/www.chiller.at\/index.php?rest_route=\/wp\/v2\/posts\/3811\/revisions"}],"wp:attachment":[{"href":"http:\/\/www.chiller.at\/index.php?rest_route=%2Fwp%2Fv2%2Fmedia&parent=3811"}],"wp:term":[{"taxonomy":"category","embeddable":true,"href":"http:\/\/www.chiller.at\/index.php?rest_route=%2Fwp%2Fv2%2Fcategories&post=3811"},{"taxonomy":"post_tag","embeddable":true,"href":"http:\/\/www.chiller.at\/index.php?rest_route=%2Fwp%2Fv2%2Ftags&post=3811"}],"curies":[{"name":"wp","href":"https:\/\/api.w.org\/{rel}","templated":true}]}}