{"id":3795,"date":"2012-01-29T11:55:51","date_gmt":"2012-01-29T10:55:51","guid":{"rendered":"http:\/\/www.chiller.at\/?p=3795"},"modified":"2012-03-08T01:41:30","modified_gmt":"2012-03-08T00:41:30","slug":"2011-0421-bewerbungsfotos-fur-m","status":"publish","type":"post","link":"http:\/\/www.chiller.at\/?p=3795","title":{"rendered":"2011 0421 &#8211; Portraitfotos f\u00fcr M."},"content":{"rendered":"<p><strong>Eine spontane Aktion &#8211; Anfrage paar Stunden im Vorraus &#8211;\u00a0 M. ben\u00f6tigte dringend Fotos f\u00fcr ihre kommende Bewerbung und ich freute mich endlich mal im Feld der Portraitfotografie zu experimentieren. Mit einem selbstgebastelten, nebenbei bemerkt furchtbaren, Reflektor im Gep\u00e4ck, trafen wir uns beim Volkstheater und legten sofort los&#8230;<\/strong><\/p>\n<p>Ein bisschen nerv\u00f6s war ich schon, da es erstens ein (auch jetzt noch) unbekanntes Feld ist und es zweitens um ein wenig mehr als nur Spa\u00dffotos geht. Ich habe sehr viel herumexperimentiert und gelernt, diverse Kamerapositionen, Brennweiten, etc.<\/p>\n<p>Bis zur Halbzeit l\u00f6ste sich auch relativ schnell die Spannung und das <a title=\"2011 1001 \u2013 Bewerbungsfotos P.\" href=\"http:\/\/www.chiller.at\/?p=3823\">n\u00e4chste Treffen<\/a>, mit einem meiner besten Freunde, ging dann gleich von Anfang an lockerer los. Ich muss jedenfalls mehr auf Haltung des Modells und Falten sowie Fusseln auf der Kleidung achten!<\/p>\n<p>Im Nachhinein kann ich sagen, dass der Reflektor nicht besonders toll ist und ich definitiv einen Diffusor brauche um das grelle Sonnenlicht abzumindern und die Augen des Modells zu schonen. Gut, dass das Christkind dieses Jahr brav war \ud83d\ude09 Bin schon gespannt auf seinen ersten wirklichen Einsatz 2012!<\/p>\n<p>Ab der H\u00e4lfte sind nat\u00fcrlich auch ein paar Spa\u00dfbilder und Portr\u00e4ts hinzugekommen, die sich nicht als Bewerbungsfoto eignen. Sehr verwunderte mich der Blick auf die Zeitstempel der Fotos: das Shooting dauerte gerade mal 45min. Ich hatte eigentlich mit mehr gerechnet.<\/p>\n<div data-carousel-extra='{\"blog_id\":1,\"permalink\":\"http:\\\/\\\/www.chiller.at\\\/?p=3795\"}' id='gallery-1' class='gallery galleryid-3795 gallery-columns-3 gallery-size-thumbnail'><figure class='gallery-item'>\n\t\t\t<div class='gallery-icon landscape'>\n\t\t\t\t<a href='http:\/\/www.chiller.at\/wordpress\/wp-content\/uploads\/2012\/01\/Bewerbungsfotos-MP-0567.jpg'><img width=\"150\" height=\"150\" src=\"http:\/\/www.chiller.at\/wordpress\/wp-content\/uploads\/2012\/01\/Bewerbungsfotos-MP-0567-150x150.jpg\" class=\"attachment-thumbnail size-thumbnail\" alt=\"\" loading=\"lazy\" data-attachment-id=\"4089\" data-permalink=\"http:\/\/www.chiller.at\/?attachment_id=4089\" data-orig-file=\"http:\/\/www.chiller.at\/wordpress\/wp-content\/uploads\/2012\/01\/Bewerbungsfotos-MP-0567.jpg\" data-orig-size=\"640,427\" data-comments-opened=\"1\" data-image-meta=\"{&quot;aperture&quot;:&quot;7.1&quot;,&quot;credit&quot;:&quot;Florian Schilling&quot;,&quot;camera&quot;:&quot;Canon EOS 40D&quot;,&quot;caption&quot;:&quot;&quot;,&quot;created_timestamp&quot;:&quot;1303403741&quot;,&quot;copyright&quot;:&quot;\\u00c2\\u00a9 Florian Schilling&quot;,&quot;focal_length&quot;:&quot;300&quot;,&quot;iso&quot;:&quot;100&quot;,&quot;shutter_speed&quot;:&quot;0.0025&quot;,&quot;title&quot;:&quot;&quot;}\" data-image-title=\"Laterne &#8211; furchtbare Sache Texte f\u00fcr Portr\u00e4ts zu finden :D\" data-image-description=\"\" data-medium-file=\"http:\/\/www.chiller.at\/wordpress\/wp-content\/uploads\/2012\/01\/Bewerbungsfotos-MP-0567-300x200.jpg\" data-large-file=\"http:\/\/www.chiller.at\/wordpress\/wp-content\/uploads\/2012\/01\/Bewerbungsfotos-MP-0567.jpg\" \/><\/a>\n\t\t\t<\/div><\/figure><figure class='gallery-item'>\n\t\t\t<div class='gallery-icon portrait'>\n\t\t\t\t<a href='http:\/\/www.chiller.at\/wordpress\/wp-content\/uploads\/2012\/01\/Bewerbungsfotos-MP-0565.jpg'><img width=\"150\" height=\"150\" src=\"http:\/\/www.chiller.at\/wordpress\/wp-content\/uploads\/2012\/01\/Bewerbungsfotos-MP-0565-150x150.jpg\" class=\"attachment-thumbnail size-thumbnail\" alt=\"\" loading=\"lazy\" data-attachment-id=\"4088\" data-permalink=\"http:\/\/www.chiller.at\/?attachment_id=4088\" data-orig-file=\"http:\/\/www.chiller.at\/wordpress\/wp-content\/uploads\/2012\/01\/Bewerbungsfotos-MP-0565.jpg\" data-orig-size=\"427,640\" data-comments-opened=\"1\" data-image-meta=\"{&quot;aperture&quot;:&quot;7.1&quot;,&quot;credit&quot;:&quot;Florian Schilling&quot;,&quot;camera&quot;:&quot;Canon EOS 40D&quot;,&quot;caption&quot;:&quot;&quot;,&quot;created_timestamp&quot;:&quot;1303403676&quot;,&quot;copyright&quot;:&quot;\\u00c2\\u00a9 Florian Schilling&quot;,&quot;focal_length&quot;:&quot;225&quot;,&quot;iso&quot;:&quot;100&quot;,&quot;shutter_speed&quot;:&quot;0.0025&quot;,&quot;title&quot;:&quot;&quot;}\" data-image-title=\"schief\" data-image-description=\"\" data-medium-file=\"http:\/\/www.chiller.at\/wordpress\/wp-content\/uploads\/2012\/01\/Bewerbungsfotos-MP-0565-200x300.jpg\" data-large-file=\"http:\/\/www.chiller.at\/wordpress\/wp-content\/uploads\/2012\/01\/Bewerbungsfotos-MP-0565.jpg\" \/><\/a>\n\t\t\t<\/div><\/figure><figure class='gallery-item'>\n\t\t\t<div class='gallery-icon portrait'>\n\t\t\t\t<a href='http:\/\/www.chiller.at\/wordpress\/wp-content\/uploads\/2012\/01\/Bewerbungsfotos-MP-0539.jpg'><img width=\"150\" height=\"150\" src=\"http:\/\/www.chiller.at\/wordpress\/wp-content\/uploads\/2012\/01\/Bewerbungsfotos-MP-0539-150x150.jpg\" class=\"attachment-thumbnail size-thumbnail\" alt=\"\" loading=\"lazy\" data-attachment-id=\"4086\" data-permalink=\"http:\/\/www.chiller.at\/?attachment_id=4086\" data-orig-file=\"http:\/\/www.chiller.at\/wordpress\/wp-content\/uploads\/2012\/01\/Bewerbungsfotos-MP-0539.jpg\" data-orig-size=\"427,640\" data-comments-opened=\"1\" data-image-meta=\"{&quot;aperture&quot;:&quot;5.6&quot;,&quot;credit&quot;:&quot;Florian Schilling&quot;,&quot;camera&quot;:&quot;Canon EOS 40D&quot;,&quot;caption&quot;:&quot;&quot;,&quot;created_timestamp&quot;:&quot;1303403147&quot;,&quot;copyright&quot;:&quot;\\u00c2\\u00a9 Florian Schilling&quot;,&quot;focal_length&quot;:&quot;300&quot;,&quot;iso&quot;:&quot;100&quot;,&quot;shutter_speed&quot;:&quot;0.004&quot;,&quot;title&quot;:&quot;&quot;}\" data-image-title=\"&lt;hier geistreichen Bildtext einsetzen&gt;\" data-image-description=\"\" data-medium-file=\"http:\/\/www.chiller.at\/wordpress\/wp-content\/uploads\/2012\/01\/Bewerbungsfotos-MP-0539-200x300.jpg\" data-large-file=\"http:\/\/www.chiller.at\/wordpress\/wp-content\/uploads\/2012\/01\/Bewerbungsfotos-MP-0539.jpg\" \/><\/a>\n\t\t\t<\/div><\/figure><figure class='gallery-item'>\n\t\t\t<div class='gallery-icon landscape'>\n\t\t\t\t<a href='http:\/\/www.chiller.at\/wordpress\/wp-content\/uploads\/2012\/01\/Bewerbungsfotos-MP-05511.jpg'><img width=\"150\" height=\"150\" src=\"http:\/\/www.chiller.at\/wordpress\/wp-content\/uploads\/2012\/01\/Bewerbungsfotos-MP-05511-150x150.jpg\" class=\"attachment-thumbnail size-thumbnail\" alt=\"\" loading=\"lazy\" data-attachment-id=\"4092\" data-permalink=\"http:\/\/www.chiller.at\/?attachment_id=4092\" data-orig-file=\"http:\/\/www.chiller.at\/wordpress\/wp-content\/uploads\/2012\/01\/Bewerbungsfotos-MP-05511.jpg\" data-orig-size=\"640,524\" data-comments-opened=\"1\" data-image-meta=\"{&quot;aperture&quot;:&quot;1.8&quot;,&quot;credit&quot;:&quot;Florian Schilling&quot;,&quot;camera&quot;:&quot;Canon EOS 40D&quot;,&quot;caption&quot;:&quot;&quot;,&quot;created_timestamp&quot;:&quot;1303403355&quot;,&quot;copyright&quot;:&quot;\\u00c2\\u00a9 Florian Schilling&quot;,&quot;focal_length&quot;:&quot;50&quot;,&quot;iso&quot;:&quot;200&quot;,&quot;shutter_speed&quot;:&quot;0.002&quot;,&quot;title&quot;:&quot;&quot;}\" data-image-title=\"Gegenlicht \" data-image-description=\"\" data-medium-file=\"http:\/\/www.chiller.at\/wordpress\/wp-content\/uploads\/2012\/01\/Bewerbungsfotos-MP-05511-300x245.jpg\" data-large-file=\"http:\/\/www.chiller.at\/wordpress\/wp-content\/uploads\/2012\/01\/Bewerbungsfotos-MP-05511.jpg\" \/><\/a>\n\t\t\t<\/div><\/figure><figure class='gallery-item'>\n\t\t\t<div class='gallery-icon portrait'>\n\t\t\t\t<a href='http:\/\/www.chiller.at\/wordpress\/wp-content\/uploads\/2012\/01\/Bewerbungsfotos-MP-0532.jpg'><img width=\"150\" height=\"150\" src=\"http:\/\/www.chiller.at\/wordpress\/wp-content\/uploads\/2012\/01\/Bewerbungsfotos-MP-0532-150x150.jpg\" class=\"attachment-thumbnail size-thumbnail\" alt=\"\" loading=\"lazy\" data-attachment-id=\"4085\" data-permalink=\"http:\/\/www.chiller.at\/?attachment_id=4085\" data-orig-file=\"http:\/\/www.chiller.at\/wordpress\/wp-content\/uploads\/2012\/01\/Bewerbungsfotos-MP-0532.jpg\" data-orig-size=\"467,640\" data-comments-opened=\"1\" data-image-meta=\"{&quot;aperture&quot;:&quot;5&quot;,&quot;credit&quot;:&quot;Florian Schilling&quot;,&quot;camera&quot;:&quot;Canon EOS 40D&quot;,&quot;caption&quot;:&quot;&quot;,&quot;created_timestamp&quot;:&quot;1303403090&quot;,&quot;copyright&quot;:&quot;\\u00c2\\u00a9 Florian Schilling&quot;,&quot;focal_length&quot;:&quot;165&quot;,&quot;iso&quot;:&quot;100&quot;,&quot;shutter_speed&quot;:&quot;0.004&quot;,&quot;title&quot;:&quot;&quot;}\" data-image-title=\"Bewerbungsfoto\" data-image-description=\"\" data-medium-file=\"http:\/\/www.chiller.at\/wordpress\/wp-content\/uploads\/2012\/01\/Bewerbungsfotos-MP-0532-218x300.jpg\" data-large-file=\"http:\/\/www.chiller.at\/wordpress\/wp-content\/uploads\/2012\/01\/Bewerbungsfotos-MP-0532.jpg\" \/><\/a>\n\t\t\t<\/div><\/figure><figure class='gallery-item'>\n\t\t\t<div class='gallery-icon portrait'>\n\t\t\t\t<a href='http:\/\/www.chiller.at\/wordpress\/wp-content\/uploads\/2012\/01\/Bewerbungsfotos-MP-0474.jpg'><img width=\"150\" height=\"150\" src=\"http:\/\/www.chiller.at\/wordpress\/wp-content\/uploads\/2012\/01\/Bewerbungsfotos-MP-0474-150x150.jpg\" class=\"attachment-thumbnail size-thumbnail\" alt=\"\" loading=\"lazy\" data-attachment-id=\"4084\" data-permalink=\"http:\/\/www.chiller.at\/?attachment_id=4084\" data-orig-file=\"http:\/\/www.chiller.at\/wordpress\/wp-content\/uploads\/2012\/01\/Bewerbungsfotos-MP-0474.jpg\" data-orig-size=\"494,640\" data-comments-opened=\"1\" data-image-meta=\"{&quot;aperture&quot;:&quot;2.8&quot;,&quot;credit&quot;:&quot;Florian Schilling&quot;,&quot;camera&quot;:&quot;Canon EOS 40D&quot;,&quot;caption&quot;:&quot;&quot;,&quot;created_timestamp&quot;:&quot;1303401776&quot;,&quot;copyright&quot;:&quot;\\u00c2\\u00a9 Florian Schilling&quot;,&quot;focal_length&quot;:&quot;90&quot;,&quot;iso&quot;:&quot;100&quot;,&quot;shutter_speed&quot;:&quot;0.001&quot;,&quot;title&quot;:&quot;&quot;}\" data-image-title=\"Windsto\u00df\" data-image-description=\"\" data-medium-file=\"http:\/\/www.chiller.at\/wordpress\/wp-content\/uploads\/2012\/01\/Bewerbungsfotos-MP-0474-231x300.jpg\" data-large-file=\"http:\/\/www.chiller.at\/wordpress\/wp-content\/uploads\/2012\/01\/Bewerbungsfotos-MP-0474.jpg\" \/><\/a>\n\t\t\t<\/div><\/figure>\n\t\t<\/div>\n\n","protected":false},"excerpt":{"rendered":"<p>Eine spontane Aktion &#8211; Anfrage paar Stunden im Vorraus &#8211;\u00a0 M. ben\u00f6tigte dringend Fotos f\u00fcr ihre kommende Bewerbung und ich freute mich endlich mal im Feld der Portraitfotografie zu experimentieren. Mit einem selbstgebastelten, nebenbei bemerkt furchtbaren, Reflektor im Gep\u00e4ck, trafen wir uns beim Volkstheater und legten sofort los&#8230; Ein bisschen nerv\u00f6s war ich schon, da &hellip; <a href=\"http:\/\/www.chiller.at\/?p=3795\" class=\"more-link\"><span class=\"screen-reader-text\">2011 0421 &#8211; Portraitfotos f\u00fcr M.<\/span> weiterlesen <span class=\"meta-nav\">&rarr;<\/span><\/a><\/p>\n","protected":false},"author":1,"featured_media":0,"comment_status":"open","ping_status":"open","sticky":false,"template":"","format":"standard","meta":{"spay_email":"","jetpack_publicize_message":"","jetpack_is_tweetstorm":false},"categories":[279],"tags":[86,87,253],"jetpack_featured_media_url":"","jetpack_publicize_connections":[],"jetpack_sharing_enabled":true,"jetpack_shortlink":"https:\/\/wp.me\/p20QI6-Zd","jetpack_likes_enabled":true,"_links":{"self":[{"href":"http:\/\/www.chiller.at\/index.php?rest_route=\/wp\/v2\/posts\/3795"}],"collection":[{"href":"http:\/\/www.chiller.at\/index.php?rest_route=\/wp\/v2\/posts"}],"about":[{"href":"http:\/\/www.chiller.at\/index.php?rest_route=\/wp\/v2\/types\/post"}],"author":[{"embeddable":true,"href":"http:\/\/www.chiller.at\/index.php?rest_route=\/wp\/v2\/users\/1"}],"replies":[{"embeddable":true,"href":"http:\/\/www.chiller.at\/index.php?rest_route=%2Fwp%2Fv2%2Fcomments&post=3795"}],"version-history":[{"count":0,"href":"http:\/\/www.chiller.at\/index.php?rest_route=\/wp\/v2\/posts\/3795\/revisions"}],"wp:attachment":[{"href":"http:\/\/www.chiller.at\/index.php?rest_route=%2Fwp%2Fv2%2Fmedia&parent=3795"}],"wp:term":[{"taxonomy":"category","embeddable":true,"href":"http:\/\/www.chiller.at\/index.php?rest_route=%2Fwp%2Fv2%2Fcategories&post=3795"},{"taxonomy":"post_tag","embeddable":true,"href":"http:\/\/www.chiller.at\/index.php?rest_route=%2Fwp%2Fv2%2Ftags&post=3795"}],"curies":[{"name":"wp","href":"https:\/\/api.w.org\/{rel}","templated":true}]}}