{"id":2116,"date":"2011-04-12T12:14:36","date_gmt":"2011-04-12T10:14:36","guid":{"rendered":"http:\/\/www.chiller.at\/?p=2116"},"modified":"2011-04-12T12:14:36","modified_gmt":"2011-04-12T10:14:36","slug":"chilizucht-tag-8","status":"publish","type":"post","link":"http:\/\/www.chiller.at\/?p=2116","title":{"rendered":"Chilizucht, Tag 8"},"content":{"rendered":"<p><strong>Nach dem die Chilisamen, die ich an meinem letzten Geburtstag bekommen habe hervorragend zu einem stattlichen Pfl\u00e4nzchen gewachsen sind, habe ich mich vor rund einer Woche entschieden ein paar Kinder davon zu z\u00fcchten. Hinzu kamen noch Samen von Habaneros, die ich Fr\u00fcchten aus einem indischen Gesch\u00e4ft entnommen habe.<\/strong><\/p>\n<p>Nachdem ich die Erde im &#8222;Brutkasten&#8220; ordentlich eingew\u00e4ssert hatte, fast zuviel f\u00fcr meinen Geschmack, trieben sie in den letzten Tagen unbemerkt aus. (Ich war irgendwie nicht dazugekommen nachzuschauen.) Bin schon gespannt, ob es mir gelungen ist Habaneros anzubauen&#8230;<\/p>\n<p>Es wird auch langsam Zeit mir zu \u00fcberlegen wie es weitergeht! Denn fast 10 Pfl\u00e4nzchen sprie\u00dfen und ich wei\u00df nicht wie weit sie von einander entfernt sein m\u00fcssen, wann man sie umsetzen muss, etc.<\/p>\n<p>Yipieee!<\/p>\n<div data-carousel-extra='{\"blog_id\":1,\"permalink\":\"http:\\\/\\\/www.chiller.at\\\/?p=2116\"}' id='gallery-1' class='gallery galleryid-2116 gallery-columns-3 gallery-size-thumbnail'><figure class='gallery-item'>\n\t\t\t<div class='gallery-icon portrait'>\n\t\t\t\t<a href='http:\/\/www.chiller.at\/wordpress\/wp-content\/uploads\/2011\/04\/chili_8Tage.jpg'><img width=\"150\" height=\"150\" src=\"http:\/\/www.chiller.at\/wordpress\/wp-content\/uploads\/2011\/04\/chili_8Tage-150x150.jpg\" class=\"attachment-thumbnail size-thumbnail\" alt=\"\" loading=\"lazy\" data-attachment-id=\"2117\" data-permalink=\"http:\/\/www.chiller.at\/?attachment_id=2117\" data-orig-file=\"http:\/\/www.chiller.at\/wordpress\/wp-content\/uploads\/2011\/04\/chili_8Tage.jpg\" data-orig-size=\"900,1350\" data-comments-opened=\"1\" data-image-meta=\"{&quot;aperture&quot;:&quot;0&quot;,&quot;credit&quot;:&quot;Florian Schilling&quot;,&quot;camera&quot;:&quot;&quot;,&quot;caption&quot;:&quot;&quot;,&quot;created_timestamp&quot;:&quot;1302609223&quot;,&quot;copyright&quot;:&quot;&quot;,&quot;focal_length&quot;:&quot;0&quot;,&quot;iso&quot;:&quot;0&quot;,&quot;shutter_speed&quot;:&quot;0&quot;,&quot;title&quot;:&quot;&quot;}\" data-image-title=\"chili_8Tage\" data-image-description=\"\" data-medium-file=\"http:\/\/www.chiller.at\/wordpress\/wp-content\/uploads\/2011\/04\/chili_8Tage-200x300.jpg\" data-large-file=\"http:\/\/www.chiller.at\/wordpress\/wp-content\/uploads\/2011\/04\/chili_8Tage-533x800.jpg\" \/><\/a>\n\t\t\t<\/div><\/figure>\n\t\t<\/div>\n\n","protected":false},"excerpt":{"rendered":"<p>Nach dem die Chilisamen, die ich an meinem letzten Geburtstag bekommen habe hervorragend zu einem stattlichen Pfl\u00e4nzchen gewachsen sind, habe ich mich vor rund einer Woche entschieden ein paar Kinder davon zu z\u00fcchten. Hinzu kamen noch Samen von Habaneros, die ich Fr\u00fcchten aus einem indischen Gesch\u00e4ft entnommen habe. Nachdem ich die Erde im &#8222;Brutkasten&#8220; ordentlich &hellip; <a href=\"http:\/\/www.chiller.at\/?p=2116\" class=\"more-link\"><span class=\"screen-reader-text\">Chilizucht, Tag 8<\/span> weiterlesen <span class=\"meta-nav\">&rarr;<\/span><\/a><\/p>\n","protected":false},"author":1,"featured_media":0,"comment_status":"open","ping_status":"open","sticky":false,"template":"","format":"standard","meta":{"spay_email":"","jetpack_publicize_message":"","jetpack_is_tweetstorm":false},"categories":[79,130],"tags":[195,52,51,196],"jetpack_featured_media_url":"","jetpack_publicize_connections":[],"jetpack_sharing_enabled":true,"jetpack_shortlink":"https:\/\/wp.me\/p20QI6-y8","jetpack_likes_enabled":true,"_links":{"self":[{"href":"http:\/\/www.chiller.at\/index.php?rest_route=\/wp\/v2\/posts\/2116"}],"collection":[{"href":"http:\/\/www.chiller.at\/index.php?rest_route=\/wp\/v2\/posts"}],"about":[{"href":"http:\/\/www.chiller.at\/index.php?rest_route=\/wp\/v2\/types\/post"}],"author":[{"embeddable":true,"href":"http:\/\/www.chiller.at\/index.php?rest_route=\/wp\/v2\/users\/1"}],"replies":[{"embeddable":true,"href":"http:\/\/www.chiller.at\/index.php?rest_route=%2Fwp%2Fv2%2Fcomments&post=2116"}],"version-history":[{"count":0,"href":"http:\/\/www.chiller.at\/index.php?rest_route=\/wp\/v2\/posts\/2116\/revisions"}],"wp:attachment":[{"href":"http:\/\/www.chiller.at\/index.php?rest_route=%2Fwp%2Fv2%2Fmedia&parent=2116"}],"wp:term":[{"taxonomy":"category","embeddable":true,"href":"http:\/\/www.chiller.at\/index.php?rest_route=%2Fwp%2Fv2%2Fcategories&post=2116"},{"taxonomy":"post_tag","embeddable":true,"href":"http:\/\/www.chiller.at\/index.php?rest_route=%2Fwp%2Fv2%2Ftags&post=2116"}],"curies":[{"name":"wp","href":"https:\/\/api.w.org\/{rel}","templated":true}]}}